{"id":6284,"date":"2017-11-10T08:30:58","date_gmt":"2017-11-10T07:30:58","guid":{"rendered":"http:\/\/www.diocesisciudadrodrigo.org\/blog3\/?p=6284"},"modified":"2017-11-10T08:30:58","modified_gmt":"2017-11-10T07:30:58","slug":"reunion-4","status":"publish","type":"post","link":"https:\/\/www.diocesisciudadrodrigo.org\/blog3\/reunion-4\/","title":{"rendered":"Reuni\u00f3n"},"content":{"rendered":"<p><span style=\"font-size: 14pt;\"><strong><span style=\"color: #3366ff;\">La delegaci\u00f3n de Misiones participa en el encuentro regional de Zamora<\/span><\/strong><\/span><\/p>\n<p>El delegado de Misiones de la di\u00f3cesis de Ciudad Rodrigo, Jos\u00e9 Mar\u00eda Rodr\u00edguez-Veleiro, ha participado en Zamora en la reuni\u00f3n de los delegados diocesanos de Misiones de la regi\u00f3n.<\/p>\n<p>Se trata de una de las reuniones peri\u00f3dicas de programaci\u00f3n y coordinaci\u00f3n que van rotando por las diferentes di\u00f3cesis. En esta ocasi\u00f3n, tambi\u00e9n estuvo presente el obispo de Zamora, Mns. Gregorio Mart\u00ednez, que adem\u00e1s es el obispo responsable de esta delegaci\u00f3n.<\/p>\n<figure id=\"attachment_6285\" aria-describedby=\"caption-attachment-6285\" style=\"width: 290px\" class=\"wp-caption alignright\"><a href=\"http:\/\/www.diocesisciudadrodrigo.org\/blog3\/wp-content\/uploads\/2017\/11\/2017-11-09-PHOTO-00000980.jpg\"><img loading=\"lazy\" class=\"size-medium wp-image-6285\" src=\"http:\/\/www.diocesisciudadrodrigo.org\/blog3\/wp-content\/uploads\/2017\/11\/2017-11-09-PHOTO-00000980-300x225.jpg\" alt=\"\" width=\"300\" height=\"225\" srcset=\"https:\/\/www.diocesisciudadrodrigo.org\/blog3\/wp-content\/uploads\/2017\/11\/2017-11-09-PHOTO-00000980-300x225.jpg 300w, https:\/\/www.diocesisciudadrodrigo.org\/blog3\/wp-content\/uploads\/2017\/11\/2017-11-09-PHOTO-00000980-768x576.jpg 768w, https:\/\/www.diocesisciudadrodrigo.org\/blog3\/wp-content\/uploads\/2017\/11\/2017-11-09-PHOTO-00000980-800x600.jpg 800w, https:\/\/www.diocesisciudadrodrigo.org\/blog3\/wp-content\/uploads\/2017\/11\/2017-11-09-PHOTO-00000980.jpg 1600w\" sizes=\"(max-width: 300px) 100vw, 300px\" \/><\/a><figcaption id=\"caption-attachment-6285\" class=\"wp-caption-text\">Un momento de la reuni\u00f3n.<\/figcaption><\/figure>\n","protected":false},"excerpt":{"rendered":"<p>La delegaci\u00f3n de Misiones participa en el encuentro regional de Zamora El delegado de Misiones de la di\u00f3cesis de Ciudad Rodrigo, Jos\u00e9 Mar\u00eda Rodr\u00edguez-Veleiro, ha participado en Zamora en la reuni\u00f3n de los delegados diocesanos de Misiones de la regi\u00f3n. Se trata de una de las reuniones peri\u00f3dicas de programaci\u00f3n y coordinaci\u00f3n que van rotando &#8230; <a title=\"Reuni\u00f3n\" class=\"read-more\" href=\"https:\/\/www.diocesisciudadrodrigo.org\/blog3\/reunion-4\/\" aria-label=\"M\u00e1s en Reuni\u00f3n\">Leer m\u00e1s<\/a><\/p>\n","protected":false},"author":4,"featured_media":0,"comment_status":"closed","ping_status":"closed","sticky":false,"template":"","format":"standard","meta":[],"categories":[3],"tags":[],"_links":{"self":[{"href":"https:\/\/www.diocesisciudadrodrigo.org\/blog3\/wp-json\/wp\/v2\/posts\/6284"}],"collection":[{"href":"https:\/\/www.diocesisciudadrodrigo.org\/blog3\/wp-json\/wp\/v2\/posts"}],"about":[{"href":"https:\/\/www.diocesisciudadrodrigo.org\/blog3\/wp-json\/wp\/v2\/types\/post"}],"author":[{"embeddable":true,"href":"https:\/\/www.diocesisciudadrodrigo.org\/blog3\/wp-json\/wp\/v2\/users\/4"}],"replies":[{"embeddable":true,"href":"https:\/\/www.diocesisciudadrodrigo.org\/blog3\/wp-json\/wp\/v2\/comments?post=6284"}],"version-history":[{"count":1,"href":"https:\/\/www.diocesisciudadrodrigo.org\/blog3\/wp-json\/wp\/v2\/posts\/6284\/revisions"}],"predecessor-version":[{"id":6286,"href":"https:\/\/www.diocesisciudadrodrigo.org\/blog3\/wp-json\/wp\/v2\/posts\/6284\/revisions\/6286"}],"wp:attachment":[{"href":"https:\/\/www.diocesisciudadrodrigo.org\/blog3\/wp-json\/wp\/v2\/media?parent=6284"}],"wp:term":[{"taxonomy":"category","embeddable":true,"href":"https:\/\/www.diocesisciudadrodrigo.org\/blog3\/wp-json\/wp\/v2\/categories?post=6284"},{"taxonomy":"post_tag","embeddable":true,"href":"https:\/\/www.diocesisciudadrodrigo.org\/blog3\/wp-json\/wp\/v2\/tags?post=6284"}],"curies":[{"name":"wp","href":"https:\/\/api.w.org\/{rel}","templated":true}]}}