{"id":6274,"date":"2017-11-08T16:24:12","date_gmt":"2017-11-08T15:24:12","guid":{"rendered":"http:\/\/www.diocesisciudadrodrigo.org\/blog3\/?p=6274"},"modified":"2017-11-08T16:28:20","modified_gmt":"2017-11-08T15:28:20","slug":"6274","status":"publish","type":"post","link":"https:\/\/www.diocesisciudadrodrigo.org\/blog3\/6274\/","title":{"rendered":"D\u00eda de la Iglesia Diocesana"},"content":{"rendered":"<p><strong><a href=\"http:\/\/www.diocesisciudadrodrigo.org\/blog3\/wp-content\/uploads\/2017\/11\/2017_dia_iglesia_diocesana_cartel_castellano_33x48.jpg\"><img loading=\"lazy\" class=\"alignleft size-medium wp-image-6276\" src=\"http:\/\/www.diocesisciudadrodrigo.org\/blog3\/wp-content\/uploads\/2017\/11\/2017_dia_iglesia_diocesana_cartel_castellano_33x48.jpg\" alt=\"\" width=\"1\" height=\"1\" \/><\/a><a href=\"http:\/\/www.diocesisciudadrodrigo.org\/blog3\/wp-content\/uploads\/2017\/11\/2017_dia_iglesia_diocesana_cartel_castellano_33x48.jpg\"><img loading=\"lazy\" class=\"alignleft size-medium wp-image-6276\" src=\"http:\/\/www.diocesisciudadrodrigo.org\/blog3\/wp-content\/uploads\/2017\/11\/2017_dia_iglesia_diocesana_cartel_castellano_33x48.jpg\" alt=\"\" width=\"1\" height=\"1\" \/><\/a><\/strong><strong><a href=\"http:\/\/www.diocesisciudadrodrigo.org\/blog3\/wp-content\/uploads\/2017\/11\/2017_dia_iglesia_diocesana_cartel_castellano-335x480.jpg\"><img loading=\"lazy\" class=\"alignleft size-medium wp-image-6280\" src=\"http:\/\/www.diocesisciudadrodrigo.org\/blog3\/wp-content\/uploads\/2017\/11\/2017_dia_iglesia_diocesana_cartel_castellano-335x480-209x300.jpg\" alt=\"\" width=\"209\" height=\"300\" srcset=\"https:\/\/www.diocesisciudadrodrigo.org\/blog3\/wp-content\/uploads\/2017\/11\/2017_dia_iglesia_diocesana_cartel_castellano-335x480-209x300.jpg 209w, https:\/\/www.diocesisciudadrodrigo.org\/blog3\/wp-content\/uploads\/2017\/11\/2017_dia_iglesia_diocesana_cartel_castellano-335x480.jpg 335w\" sizes=\"(max-width: 209px) 100vw, 209px\" \/><\/a>Somos una gran familia CONTIGO<\/strong>\u201d es el lema del <strong>D\u00eda la Iglesia Diocesana<\/strong> 2017 que se celebra el pr\u00f3ximo<strong>\u00a012 de noviembre<\/strong>. El\u00a0secretariado para el Sostenimiento de la Iglesia nos invita a colaborar con nuestra parroquia aportando lo que tenemos: cualidades, tiempo o dinero. Somos\u00a0la familia de los hijos de Dios y como familia todos somos corresponsables de su labor y de su sostenimiento.<\/p>\n<p>En el caso de nuestra di\u00f3cesis, el obispo, Mons. Ra\u00fal Berzosa, nos recuerda que \u00abcomo familia, tenemos que ayudar con nuestros bienes materiales, pero sobre todo, con los talentos que el Se\u00f1or nos ha concedido. Solamente se puede ser feliz cuando estamos al servicio de los dem\u00e1s. Ya lo dec\u00edan los cl\u00e1sicos: &#8216;Quien no sirve, no sirve para nada\u00bb.<\/p>\n","protected":false},"excerpt":{"rendered":"<p>Somos una gran familia CONTIGO\u201d es el lema del D\u00eda la Iglesia Diocesana 2017 que se celebra el pr\u00f3ximo\u00a012 de noviembre. El\u00a0secretariado para el Sostenimiento de la Iglesia nos invita a colaborar con nuestra parroquia aportando lo que tenemos: cualidades, tiempo o dinero. Somos\u00a0la familia de los hijos de Dios y como familia todos somos &#8230; <a title=\"D\u00eda de la Iglesia Diocesana\" class=\"read-more\" href=\"https:\/\/www.diocesisciudadrodrigo.org\/blog3\/6274\/\" aria-label=\"M\u00e1s en D\u00eda de la Iglesia Diocesana\">Leer m\u00e1s<\/a><\/p>\n","protected":false},"author":4,"featured_media":0,"comment_status":"closed","ping_status":"closed","sticky":false,"template":"","format":"standard","meta":[],"categories":[3],"tags":[],"_links":{"self":[{"href":"https:\/\/www.diocesisciudadrodrigo.org\/blog3\/wp-json\/wp\/v2\/posts\/6274"}],"collection":[{"href":"https:\/\/www.diocesisciudadrodrigo.org\/blog3\/wp-json\/wp\/v2\/posts"}],"about":[{"href":"https:\/\/www.diocesisciudadrodrigo.org\/blog3\/wp-json\/wp\/v2\/types\/post"}],"author":[{"embeddable":true,"href":"https:\/\/www.diocesisciudadrodrigo.org\/blog3\/wp-json\/wp\/v2\/users\/4"}],"replies":[{"embeddable":true,"href":"https:\/\/www.diocesisciudadrodrigo.org\/blog3\/wp-json\/wp\/v2\/comments?post=6274"}],"version-history":[{"count":4,"href":"https:\/\/www.diocesisciudadrodrigo.org\/blog3\/wp-json\/wp\/v2\/posts\/6274\/revisions"}],"predecessor-version":[{"id":6281,"href":"https:\/\/www.diocesisciudadrodrigo.org\/blog3\/wp-json\/wp\/v2\/posts\/6274\/revisions\/6281"}],"wp:attachment":[{"href":"https:\/\/www.diocesisciudadrodrigo.org\/blog3\/wp-json\/wp\/v2\/media?parent=6274"}],"wp:term":[{"taxonomy":"category","embeddable":true,"href":"https:\/\/www.diocesisciudadrodrigo.org\/blog3\/wp-json\/wp\/v2\/categories?post=6274"},{"taxonomy":"post_tag","embeddable":true,"href":"https:\/\/www.diocesisciudadrodrigo.org\/blog3\/wp-json\/wp\/v2\/tags?post=6274"}],"curies":[{"name":"wp","href":"https:\/\/api.w.org\/{rel}","templated":true}]}}