{"id":6269,"date":"2017-11-03T20:39:23","date_gmt":"2017-11-03T19:39:23","guid":{"rendered":"http:\/\/www.diocesisciudadrodrigo.org\/blog3\/?p=6269"},"modified":"2017-11-03T20:39:23","modified_gmt":"2017-11-03T19:39:23","slug":"cultura-y-valores","status":"publish","type":"post","link":"https:\/\/www.diocesisciudadrodrigo.org\/blog3\/cultura-y-valores\/","title":{"rendered":"Cultura y valores"},"content":{"rendered":"<p><span style=\"font-size: 14pt; color: #3366ff;\"><strong>Arranca el Festival Internacional de Cine Educativo y Espiritual en el que colabora la di\u00f3cesis<\/strong><\/span><\/p>\n<figure id=\"attachment_6270\" aria-describedby=\"caption-attachment-6270\" style=\"width: 290px\" class=\"wp-caption alignright\"><a href=\"http:\/\/www.diocesisciudadrodrigo.org\/blog3\/wp-content\/uploads\/2017\/11\/2017-11-03-PHOTO-00000490.jpg\"><img loading=\"lazy\" class=\"size-medium wp-image-6270\" src=\"http:\/\/www.diocesisciudadrodrigo.org\/blog3\/wp-content\/uploads\/2017\/11\/2017-11-03-PHOTO-00000490-300x225.jpg\" alt=\"\" width=\"300\" height=\"225\" srcset=\"https:\/\/www.diocesisciudadrodrigo.org\/blog3\/wp-content\/uploads\/2017\/11\/2017-11-03-PHOTO-00000490-300x225.jpg 300w, https:\/\/www.diocesisciudadrodrigo.org\/blog3\/wp-content\/uploads\/2017\/11\/2017-11-03-PHOTO-00000490-768x576.jpg 768w, https:\/\/www.diocesisciudadrodrigo.org\/blog3\/wp-content\/uploads\/2017\/11\/2017-11-03-PHOTO-00000490-800x600.jpg 800w, https:\/\/www.diocesisciudadrodrigo.org\/blog3\/wp-content\/uploads\/2017\/11\/2017-11-03-PHOTO-00000490.jpg 1600w\" sizes=\"(max-width: 300px) 100vw, 300px\" \/><\/a><figcaption id=\"caption-attachment-6270\" class=\"wp-caption-text\">Inauguraci\u00f3n de la exposici\u00f3n complementaria.<\/figcaption><\/figure>\n<p>La s\u00e9ptima edici\u00f3n del Festival Internacional de Cine Educativo y Espiritual (FICEE), que\u00a0ha inaugurado esta tarde el actor salmantino Jos\u00e9 Antonio Sayagu\u00e9s, tambi\u00e9n suma en esta ocasi\u00f3n una exposici\u00f3n titulada \u2018El S\u00e9ptimo Arte en Ciudad Rodrigo\u2019.<br \/>\nLa muestra se ha divido en siete partes y cada una de ellas muestra m\u00e1s de un centenar de programas de mano de pel\u00edculas proyectadas en el Teatro Nuevo y Cine Madrid fundamentalmente desde los a\u00f1os 20 a los 90 del pasado siglo XX, piezas incluidas en la colecci\u00f3n de Anselmo Lucas y exhibidas gracias a la colaboraci\u00f3n de sus hijas. En una segunda parte, se pueden ver carteles de pel\u00edculas tambi\u00e9n proyectadas en Ciudad Rodrigo, cedidos por Joaqu\u00edn Fuentes de la empresa Proyecfilm. Hay una tercera parte dedicada al festival de cine de Ciudad Rodrigo, FICEE. La cuarta parte es un reconocimiento al S\u00e9ptimo Arte simbolizado por una antigua m\u00e1quina de proyecci\u00f3n en funcionamiento. \u2018Rodriwood\u2019 y Ciudad Rodrigo como escenario cinematogr\u00e1fico es objeto de la quinta parte. En sexto lugar, hay un sencillo homenaje al espectador, que todos llevamos dentro y como complemento, la s\u00e9ptima parte que es la propia experiencia cinematogr\u00e1fica, en la que se invita al p\u00fablico a participar.<\/p>\n<p>Este festival, organizado por la asociaci\u00f3n Kinema 7, se extender\u00e1 hasta el pr\u00f3ximo d\u00eda 11 de noviembre y est\u00e1 apoyado por la Di\u00f3cesis de Ciudad Rodrigo y el Ayuntamiento.<\/p>\n<figure id=\"attachment_6271\" aria-describedby=\"caption-attachment-6271\" style=\"width: 290px\" class=\"wp-caption alignright\"><a href=\"http:\/\/www.diocesisciudadrodrigo.org\/blog3\/wp-content\/uploads\/2017\/11\/2017-11-03-PHOTO-00001428.jpg\"><img loading=\"lazy\" class=\"size-medium wp-image-6271\" src=\"http:\/\/www.diocesisciudadrodrigo.org\/blog3\/wp-content\/uploads\/2017\/11\/2017-11-03-PHOTO-00001428-300x169.jpg\" alt=\"\" width=\"300\" height=\"169\" srcset=\"https:\/\/www.diocesisciudadrodrigo.org\/blog3\/wp-content\/uploads\/2017\/11\/2017-11-03-PHOTO-00001428-300x169.jpg 300w, https:\/\/www.diocesisciudadrodrigo.org\/blog3\/wp-content\/uploads\/2017\/11\/2017-11-03-PHOTO-00001428-768x432.jpg 768w, https:\/\/www.diocesisciudadrodrigo.org\/blog3\/wp-content\/uploads\/2017\/11\/2017-11-03-PHOTO-00001428-800x451.jpg 800w, https:\/\/www.diocesisciudadrodrigo.org\/blog3\/wp-content\/uploads\/2017\/11\/2017-11-03-PHOTO-00001428.jpg 1600w\" sizes=\"(max-width: 300px) 100vw, 300px\" \/><\/a><figcaption id=\"caption-attachment-6271\" class=\"wp-caption-text\">El p\u00e1rroco de F\u00e1tima, el presidente del Cabildo y el Vicario General, en la inauguraci\u00f3n.<\/figcaption><\/figure>\n","protected":false},"excerpt":{"rendered":"<p>Arranca el Festival Internacional de Cine Educativo y Espiritual en el que colabora la di\u00f3cesis La s\u00e9ptima edici\u00f3n del Festival Internacional de Cine Educativo y Espiritual (FICEE), que\u00a0ha inaugurado esta tarde el actor salmantino Jos\u00e9 Antonio Sayagu\u00e9s, tambi\u00e9n suma en esta ocasi\u00f3n una exposici\u00f3n titulada \u2018El S\u00e9ptimo Arte en Ciudad Rodrigo\u2019. La muestra se ha &#8230; <a title=\"Cultura y valores\" class=\"read-more\" href=\"https:\/\/www.diocesisciudadrodrigo.org\/blog3\/cultura-y-valores\/\" aria-label=\"M\u00e1s en Cultura y valores\">Leer m\u00e1s<\/a><\/p>\n","protected":false},"author":4,"featured_media":0,"comment_status":"closed","ping_status":"closed","sticky":false,"template":"","format":"standard","meta":[],"categories":[3],"tags":[],"_links":{"self":[{"href":"https:\/\/www.diocesisciudadrodrigo.org\/blog3\/wp-json\/wp\/v2\/posts\/6269"}],"collection":[{"href":"https:\/\/www.diocesisciudadrodrigo.org\/blog3\/wp-json\/wp\/v2\/posts"}],"about":[{"href":"https:\/\/www.diocesisciudadrodrigo.org\/blog3\/wp-json\/wp\/v2\/types\/post"}],"author":[{"embeddable":true,"href":"https:\/\/www.diocesisciudadrodrigo.org\/blog3\/wp-json\/wp\/v2\/users\/4"}],"replies":[{"embeddable":true,"href":"https:\/\/www.diocesisciudadrodrigo.org\/blog3\/wp-json\/wp\/v2\/comments?post=6269"}],"version-history":[{"count":1,"href":"https:\/\/www.diocesisciudadrodrigo.org\/blog3\/wp-json\/wp\/v2\/posts\/6269\/revisions"}],"predecessor-version":[{"id":6272,"href":"https:\/\/www.diocesisciudadrodrigo.org\/blog3\/wp-json\/wp\/v2\/posts\/6269\/revisions\/6272"}],"wp:attachment":[{"href":"https:\/\/www.diocesisciudadrodrigo.org\/blog3\/wp-json\/wp\/v2\/media?parent=6269"}],"wp:term":[{"taxonomy":"category","embeddable":true,"href":"https:\/\/www.diocesisciudadrodrigo.org\/blog3\/wp-json\/wp\/v2\/categories?post=6269"},{"taxonomy":"post_tag","embeddable":true,"href":"https:\/\/www.diocesisciudadrodrigo.org\/blog3\/wp-json\/wp\/v2\/tags?post=6269"}],"curies":[{"name":"wp","href":"https:\/\/api.w.org\/{rel}","templated":true}]}}