{"id":6013,"date":"2017-08-03T16:09:30","date_gmt":"2017-08-03T15:09:30","guid":{"rendered":"http:\/\/www.diocesisciudadrodrigo.org\/blog3\/?p=6013"},"modified":"2017-08-03T17:26:01","modified_gmt":"2017-08-03T16:26:01","slug":"solidaridad-8","status":"publish","type":"post","link":"https:\/\/www.diocesisciudadrodrigo.org\/blog3\/solidaridad-8\/","title":{"rendered":"Solidaridad"},"content":{"rendered":"<p><span style=\"color: #3366ff; font-size: 14pt;\"><strong>Fran Rivero y Manuel J. Guti\u00e9rrez pondr\u00e1n la voz y la m\u00fasica a la gala de Manos Unidas<\/strong><\/span><\/p>\n<p><a href=\"http:\/\/www.diocesisciudadrodrigo.org\/blog3\/wp-content\/uploads\/2017\/08\/IMG-20170803-WA0015.png\"><img loading=\"lazy\" class=\"alignleft wp-image-6015\" src=\"http:\/\/www.diocesisciudadrodrigo.org\/blog3\/wp-content\/uploads\/2017\/08\/IMG-20170803-WA0015-300x225.png\" alt=\"\" width=\"556\" height=\"417\" srcset=\"https:\/\/www.diocesisciudadrodrigo.org\/blog3\/wp-content\/uploads\/2017\/08\/IMG-20170803-WA0015-300x225.png 300w, https:\/\/www.diocesisciudadrodrigo.org\/blog3\/wp-content\/uploads\/2017\/08\/IMG-20170803-WA0015-768x576.png 768w, https:\/\/www.diocesisciudadrodrigo.org\/blog3\/wp-content\/uploads\/2017\/08\/IMG-20170803-WA0015-800x600.png 800w, https:\/\/www.diocesisciudadrodrigo.org\/blog3\/wp-content\/uploads\/2017\/08\/IMG-20170803-WA0015.png 1600w\" sizes=\"(max-width: 556px) 100vw, 556px\" \/><\/a>La delegaci\u00f3n de Manos Unidas en Ciudad Rodrigo ha presentado una gala con fines solidarios que se celebrar\u00e1 el pr\u00f3ximo d\u00eda 17 de agosto a las 22:30 horas en el Teatro Nuevo Fernando Arrabal.<\/p>\n<p>El precio de la entrada es de tres euros y todo lo recaudado ir\u00e1 a parar al proyecto comprometida por la delegaci\u00f3n en este ejercidio, un centro de d\u00eda y ambulatorio de atenci\u00f3n primaria en Ghana y cuyo coste es de 28.600 euros.<\/p>\n<p>La gala ser\u00e1 musical y contar\u00e1 con la presencia del tenor mirobrigense, Fran Rivero, y del pianista Manuel J. Guti\u00e9rrez. A pesar de ser natural de Ciudad Rodrigo esta es la primera ocasi\u00f3n en la que actuar\u00e1 en la localidad por lo que es \u00abuna oportunidad para darme a conocer en tierra\u00bb, apunt\u00f3, \u00aby un honor participar en un proyecto solidario pues los que podemos, tenemos que hacerlo\u00bb.<\/p>\n<p>El repertorio ser\u00e1 variado con boleros y piezas m\u00e1s cl\u00e1sicas pues, al fin y al cabo, la formaci\u00f3n del tenor es cl\u00e1sica.<\/p>\n<p>Las entradas se pueden adquirir a trav\u00e9s de las voluntarias de Manos Unidas, en la Catedral y una hora antes de la representaci\u00f3n.<\/p>\n","protected":false},"excerpt":{"rendered":"<p>Fran Rivero y Manuel J. Guti\u00e9rrez pondr\u00e1n la voz y la m\u00fasica a la gala de Manos Unidas La delegaci\u00f3n de Manos Unidas en Ciudad Rodrigo ha presentado una gala con fines solidarios que se celebrar\u00e1 el pr\u00f3ximo d\u00eda 17 de agosto a las 22:30 horas en el Teatro Nuevo Fernando Arrabal. El precio de &#8230; <a title=\"Solidaridad\" class=\"read-more\" href=\"https:\/\/www.diocesisciudadrodrigo.org\/blog3\/solidaridad-8\/\" aria-label=\"M\u00e1s en Solidaridad\">Leer m\u00e1s<\/a><\/p>\n","protected":false},"author":4,"featured_media":0,"comment_status":"closed","ping_status":"closed","sticky":false,"template":"","format":"standard","meta":[],"categories":[3],"tags":[],"_links":{"self":[{"href":"https:\/\/www.diocesisciudadrodrigo.org\/blog3\/wp-json\/wp\/v2\/posts\/6013"}],"collection":[{"href":"https:\/\/www.diocesisciudadrodrigo.org\/blog3\/wp-json\/wp\/v2\/posts"}],"about":[{"href":"https:\/\/www.diocesisciudadrodrigo.org\/blog3\/wp-json\/wp\/v2\/types\/post"}],"author":[{"embeddable":true,"href":"https:\/\/www.diocesisciudadrodrigo.org\/blog3\/wp-json\/wp\/v2\/users\/4"}],"replies":[{"embeddable":true,"href":"https:\/\/www.diocesisciudadrodrigo.org\/blog3\/wp-json\/wp\/v2\/comments?post=6013"}],"version-history":[{"count":5,"href":"https:\/\/www.diocesisciudadrodrigo.org\/blog3\/wp-json\/wp\/v2\/posts\/6013\/revisions"}],"predecessor-version":[{"id":6019,"href":"https:\/\/www.diocesisciudadrodrigo.org\/blog3\/wp-json\/wp\/v2\/posts\/6013\/revisions\/6019"}],"wp:attachment":[{"href":"https:\/\/www.diocesisciudadrodrigo.org\/blog3\/wp-json\/wp\/v2\/media?parent=6013"}],"wp:term":[{"taxonomy":"category","embeddable":true,"href":"https:\/\/www.diocesisciudadrodrigo.org\/blog3\/wp-json\/wp\/v2\/categories?post=6013"},{"taxonomy":"post_tag","embeddable":true,"href":"https:\/\/www.diocesisciudadrodrigo.org\/blog3\/wp-json\/wp\/v2\/tags?post=6013"}],"curies":[{"name":"wp","href":"https:\/\/api.w.org\/{rel}","templated":true}]}}