{"id":6009,"date":"2017-07-30T12:42:18","date_gmt":"2017-07-30T11:42:18","guid":{"rendered":"http:\/\/www.diocesisciudadrodrigo.org\/blog3\/?p=6009"},"modified":"2017-07-30T12:42:18","modified_gmt":"2017-07-30T11:42:18","slug":"santa-marta-residencias-de-san-jose-de-ciudad-rodrigo-y-de-funteliante","status":"publish","type":"post","link":"https:\/\/www.diocesisciudadrodrigo.org\/blog3\/santa-marta-residencias-de-san-jose-de-ciudad-rodrigo-y-de-funteliante\/","title":{"rendered":"Santa Marta (Residencias de San Jos\u00e9 de Ciudad Rodrigo y de Funteliante)"},"content":{"rendered":"<p><span style=\"color: #3366ff; font-size: 14pt;\"><strong>Ra\u00fal Berzosa: \u00abPodemos vencer todos los peligros y a todos \u201clos dragones\u201d\u00a0 con la fuerza de Jesucristo y de su Esp\u00edritu\u00bb<\/strong> <\/span><\/p>\n<p>Queridos hermanos sacerdotes, queridas consagradas, queridos residentes y personal laboral y de servicio, queridos todos los que \u00a0hab\u00e9is tenido a bien uniros en este d\u00eda grande:<\/p>\n<p>Estamos celebrando, un a\u00f1o m\u00e1s, la memoria de Santa Marta. \u00bfQu\u00e9 datos m\u00e1s sobresalientes tenemos de ella en los Evangelios y en la Tradici\u00f3n?&#8230;<\/p>\n<p>El evangelio de San Lucas narra que, camino de Galilea, Jes\u00fas y sus disc\u00edpulos se acogieron en casa de Marta, que en arameo significa \u201cse\u00f1ora, ama\u201d. Mientras su hermana Mar\u00eda, escuchaba al Maestro, ella se afanaba en muchos servicios, practicaba la <em>diakon\u00eda, <\/em>deseando agradar a sus invitados y \u00a0sin perder la paz del coraz\u00f3n. De la misma manera, en San Juan, la encontramos seis d\u00edas antes de la Pascua, sirviendo a Jes\u00fas y a los disc\u00edpulos en una cena.<\/p>\n<p>En el Evangelio de san Juan se narra, adem\u00e1s, la resurrecci\u00f3n de L\u00e1zaro y encontramos la confesi\u00f3n de fe de Marta: \u201c<em>S\u00ed, Se\u00f1or, yo creo que t\u00fa eres el Mes\u00edas, el Hijo de Dios que ten\u00eda que venir al mundo\u201d<\/em>. Es muy parecida a la profesi\u00f3n de fe del propio San Pedro.<\/p>\n<p>Hasta aqu\u00ed los principales datos del Evangelio. En cuanto a la Tradici\u00f3n, en el s. XII se escribe <em>la Vida de Santa Marta<\/em>, promovida por movimientos de laicos que valoran la vida activa sin menospreciar, por ello, la dimensi\u00f3n contemplativa: as\u00ed, los humillados, los franciscanos y los dominicos. Se cuenta que ella, junto a L\u00e1zaro y Mar\u00eda y el beato M\u00e1ximo que los hab\u00eda bautizado, fueron expulsados de Palestina y llegaron a Marsella. En las orillas del R\u00f3dano San Marta venci\u00f3, amans\u00e1ndolo con agua bendita y at\u00e1ndolo con su propio cintur\u00f3n, a un drag\u00f3n llamado Tarasca. Se qued\u00f3 all\u00ed Marta, fundando un monasterio de ascetas y haciendo muchos milagros. Desde el s. XII se celebr\u00f3 su fiesta en la octava de Mar\u00eda Magdalena, como deseando complementarse, una vez m\u00e1s, <em>\u201cla contemplaci\u00f3n y la acci\u00f3n<\/em>\u201d, en la vida cristiana y eclesial.<!--more--><\/p>\n<p>\u00bfQu\u00e9 lecciones pr\u00e1cticas sacamos para nuestra vida, a la luz de Santa Marta? \u2013 Lo primero, como ella, tenemos que poner al servicio de nuestros hermanos todos nuestros bienes materiales y los dones que el Se\u00f1or nos ha concedido. Es lo que el Papa Francisco viene llamando \u201cla cultura de la acogida y del encuentro\u201d.<\/p>\n<p>Lo segundo, como verdaderos <em>di\u00e1konos o servidores<\/em>, sentirnos activos y corresponsables en la Iglesia del Se\u00f1or. Tambi\u00e9n afirma el Papa Francisco que el distintivo de los cristianos es el \u201cservicio\u201d, porque <em>\u201cquien no sirve, no sirve para nada\u201d.<\/em> Todos, desde el d\u00eda Bautismo y como regalo del Esp\u00edritu Santo, tenemos carismas, ministerios y funciones al servicio y edificaci\u00f3n de la \u00fanica Iglesia.<\/p>\n<p>Y, tercero, no tener miedo al diablo ni a las tentaciones; podemos vencer todos los peligros y a todos \u201clos dragones\u201d (esp\u00edritus malignos), con la fuerza de Jesucristo y de su Esp\u00edritu, que se nos regala en los sacramentos.<\/p>\n<p>Estamos celebrando la Eucarist\u00eda. En ella se reflejan las virtudes de Santa Marta, a saber, acogida, servicio y ser alimento y \u201cvi\u00e1tico\u201d para seguir luchando contra el mal y el maligno en el camino de la vida. Que el Esp\u00edritu nos transforme, como al Pan y al Vino, y a la propia Santa Marta, en hombres y mujeres nuevos para la Iglesia que hoy necesitamos y para transformar, desde el Evangelio, el mundo de hoy. Que as\u00ed sea.<\/p>\n<p>+ Ra\u00fal, Obispo de Ciudad Rodrigo<\/p>\n","protected":false},"excerpt":{"rendered":"<p>Ra\u00fal Berzosa: \u00abPodemos vencer todos los peligros y a todos \u201clos dragones\u201d\u00a0 con la fuerza de Jesucristo y de su Esp\u00edritu\u00bb Queridos hermanos sacerdotes, queridas consagradas, queridos residentes y personal laboral y de servicio, queridos todos los que \u00a0hab\u00e9is tenido a bien uniros en este d\u00eda grande: Estamos celebrando, un a\u00f1o m\u00e1s, la memoria de &#8230; <a title=\"Santa Marta (Residencias de San Jos\u00e9 de Ciudad Rodrigo y de Funteliante)\" class=\"read-more\" href=\"https:\/\/www.diocesisciudadrodrigo.org\/blog3\/santa-marta-residencias-de-san-jose-de-ciudad-rodrigo-y-de-funteliante\/\" aria-label=\"M\u00e1s en Santa Marta (Residencias de San Jos\u00e9 de Ciudad Rodrigo y de Funteliante)\">Leer m\u00e1s<\/a><\/p>\n","protected":false},"author":4,"featured_media":0,"comment_status":"closed","ping_status":"closed","sticky":false,"template":"","format":"standard","meta":[],"categories":[63],"tags":[],"_links":{"self":[{"href":"https:\/\/www.diocesisciudadrodrigo.org\/blog3\/wp-json\/wp\/v2\/posts\/6009"}],"collection":[{"href":"https:\/\/www.diocesisciudadrodrigo.org\/blog3\/wp-json\/wp\/v2\/posts"}],"about":[{"href":"https:\/\/www.diocesisciudadrodrigo.org\/blog3\/wp-json\/wp\/v2\/types\/post"}],"author":[{"embeddable":true,"href":"https:\/\/www.diocesisciudadrodrigo.org\/blog3\/wp-json\/wp\/v2\/users\/4"}],"replies":[{"embeddable":true,"href":"https:\/\/www.diocesisciudadrodrigo.org\/blog3\/wp-json\/wp\/v2\/comments?post=6009"}],"version-history":[{"count":1,"href":"https:\/\/www.diocesisciudadrodrigo.org\/blog3\/wp-json\/wp\/v2\/posts\/6009\/revisions"}],"predecessor-version":[{"id":6010,"href":"https:\/\/www.diocesisciudadrodrigo.org\/blog3\/wp-json\/wp\/v2\/posts\/6009\/revisions\/6010"}],"wp:attachment":[{"href":"https:\/\/www.diocesisciudadrodrigo.org\/blog3\/wp-json\/wp\/v2\/media?parent=6009"}],"wp:term":[{"taxonomy":"category","embeddable":true,"href":"https:\/\/www.diocesisciudadrodrigo.org\/blog3\/wp-json\/wp\/v2\/categories?post=6009"},{"taxonomy":"post_tag","embeddable":true,"href":"https:\/\/www.diocesisciudadrodrigo.org\/blog3\/wp-json\/wp\/v2\/tags?post=6009"}],"curies":[{"name":"wp","href":"https:\/\/api.w.org\/{rel}","templated":true}]}}