{"id":6006,"date":"2017-07-28T12:16:20","date_gmt":"2017-07-28T11:16:20","guid":{"rendered":"http:\/\/www.diocesisciudadrodrigo.org\/blog3\/?p=6006"},"modified":"2017-07-28T12:16:20","modified_gmt":"2017-07-28T11:16:20","slug":"secretaria","status":"publish","type":"post","link":"https:\/\/www.diocesisciudadrodrigo.org\/blog3\/secretaria\/","title":{"rendered":"Secretar\u00eda"},"content":{"rendered":"<p><span style=\"color: #3366ff; font-size: 14pt;\"><strong>Nombramientos y ceses efectuados por el Se\u00f1or Obispo<\/strong><\/span><\/p>\n<p>El obispo de la di\u00f3cesis de Ciudad Rodrigo, Mons. Ra\u00fal Berzosa, ha efectuado una serie de nombramientos de los que se da cuenta a continuaci\u00f3n.<\/p>\n<p>-Nombra p\u00e1rrocos &#8216;in s\u00f3lidum&#8217; de las parroquias de Serradilla del Arroyo, Serradilla del Llano, Monsagro, Sanjuanejo, Zamarra y La Atalaya a los Rvdos. Sres. D. Joaqu\u00edn Gal\u00e1n Pino, D. Bernardino San Nicasio Rubio y D. Fernando D\u00edaz-Bail\u00f3n Alonso.<\/p>\n<p>-Nombra p\u00e1rroco de Puebla de Azaba, Alberguer\u00eda de Arga\u00f1\u00e1n, Alamedilla, Castillejo de Azaba y Campillo de Azaba al Rvdo. Sr. D. V\u00edctor Manuel Sevillano Vicente. Cesa el Rvdo. Sr D. Fernando D\u00edaz-Bail\u00f3n Alonso.<\/p>\n<p>-Nombra p\u00e1rroco de Barruecopardo, Saucelle, Saldeana, Barreras, Mieza, Cerezal, Barceo y Barceino al Rvdo. Sr. D. Jean Claude Bizimungu. Cesa en alguna de estas parroquias el Rvdo. Sr. D. V\u00edctor Manuel Sevillano Vicente.<\/p>\n<p>-Nombra colaborador parroquial en el arciprestazgo de Yeltes al Rvdo. Sr. D. Gbnoukpo Joseph Zinsou por un a\u00f1o.<\/p>\n<p>-Nombra colaborador parroquial en el arciprestazgo de Ciudad Rodrigo al Rvdo. Sr. D. Vicente Hern\u00e1ndez Mart\u00edn, por un a\u00f1o.<\/p>\n<p>-Nombra colaborador en el arciprestazgo de la Ribera a D. Miguel \u00c1ngel Garc\u00eda Miguel, por un a\u00f1o.<\/p>\n<p>-Nombra Consiliario de C\u00e1ritas diocesana, por tres a\u00f1os, al Rvdo. Sr. D. Fernando S\u00e1nchez Tendero.<\/p>\n<p>-Nombra delegadas de la Delegaci\u00f3n diocesana de Catequesis a dos Rvdas. Madres de la Compa\u00f1\u00eda de Santa Teresa de Jes\u00fas. Como Consiliario de esta delegaci\u00f3n nombra al Rvdo. Sr. D. Vidal Rodr\u00edguez Encinas. Cesa el Rvdo. Sr D. Juan Carlos Bernardos Garc\u00eda.<\/p>\n<p>-Delegado de Misiones: Rvdo. Sr. D. Jos\u00e9 Mar\u00eda Rodr\u00edguez-Veleiro Rodr\u00edguez. Miembros de esta delegaci\u00f3n: D\u00f1a Laura Magdalena Miguel y D\u00f1a Mar\u00eda del Mar Manzano Castro.<\/p>\n<p>-Nombra director del Secretariado diocesano para la Adolescencia y la Juventud a D. Javier P\u00e9rez Oliva. Miembros de este Secretariado: D. Miguel \u00c1ngel Garc\u00eda Miguel y D. Efra\u00edn Peinado Hern\u00e1ndez. Nombra Consiliario al Rvdo. Sr. D. Juan Carlos S\u00e1nchez G\u00f3mez. Cesa como delegado el Rvdo. Sr. D. Roberto Vegas Primero.<\/p>\n<p>Por otra parte, y con el objeto de consolidar en la Di\u00f3cesis el esp\u00edritu de comuni\u00f3n misionera con el que se celebr\u00f3 la Asamblea Diocesna en mayo-junio de 2014 y alentar cauces para el nacimiento y crecimiento de equipos apost\u00f3licos, en las actuales circunstanias, se constituyen como Unidades de Comuni\u00f3n y Misi\u00f3n, sin perder su estatuto jur\u00eddico como parroquias, las siguientes parroquias del arciprestazgo de Ciudad Rodrigo:<\/p>\n<p>1-Parroquias de Nuestra Se\u00f1ora de F\u00e1tima y San Andr\u00e9s de Ciudad Rodrigo, incluyendo la Residencia Mixta Provincial, Ivanrey y Valdecarpinteros.<\/p>\n<p>2-Parroquias de El Sagrario de la Catedral y San Pedro y San Isidoro de Ciudad Rodrigo, incluyendo el templo de la Tercera Orden y las parroquias de Santa Marina de Ciudad Rodrigo, Conejera, \u00c1gueda y Arrabal de San Sebasti\u00e1n.<\/p>\n","protected":false},"excerpt":{"rendered":"<p>Nombramientos y ceses efectuados por el Se\u00f1or Obispo El obispo de la di\u00f3cesis de Ciudad Rodrigo, Mons. Ra\u00fal Berzosa, ha efectuado una serie de nombramientos de los que se da cuenta a continuaci\u00f3n. -Nombra p\u00e1rrocos &#8216;in s\u00f3lidum&#8217; de las parroquias de Serradilla del Arroyo, Serradilla del Llano, Monsagro, Sanjuanejo, Zamarra y La Atalaya a los &#8230; <a title=\"Secretar\u00eda\" class=\"read-more\" href=\"https:\/\/www.diocesisciudadrodrigo.org\/blog3\/secretaria\/\" aria-label=\"M\u00e1s en Secretar\u00eda\">Leer m\u00e1s<\/a><\/p>\n","protected":false},"author":4,"featured_media":0,"comment_status":"closed","ping_status":"closed","sticky":false,"template":"","format":"standard","meta":[],"categories":[3],"tags":[],"_links":{"self":[{"href":"https:\/\/www.diocesisciudadrodrigo.org\/blog3\/wp-json\/wp\/v2\/posts\/6006"}],"collection":[{"href":"https:\/\/www.diocesisciudadrodrigo.org\/blog3\/wp-json\/wp\/v2\/posts"}],"about":[{"href":"https:\/\/www.diocesisciudadrodrigo.org\/blog3\/wp-json\/wp\/v2\/types\/post"}],"author":[{"embeddable":true,"href":"https:\/\/www.diocesisciudadrodrigo.org\/blog3\/wp-json\/wp\/v2\/users\/4"}],"replies":[{"embeddable":true,"href":"https:\/\/www.diocesisciudadrodrigo.org\/blog3\/wp-json\/wp\/v2\/comments?post=6006"}],"version-history":[{"count":1,"href":"https:\/\/www.diocesisciudadrodrigo.org\/blog3\/wp-json\/wp\/v2\/posts\/6006\/revisions"}],"predecessor-version":[{"id":6007,"href":"https:\/\/www.diocesisciudadrodrigo.org\/blog3\/wp-json\/wp\/v2\/posts\/6006\/revisions\/6007"}],"wp:attachment":[{"href":"https:\/\/www.diocesisciudadrodrigo.org\/blog3\/wp-json\/wp\/v2\/media?parent=6006"}],"wp:term":[{"taxonomy":"category","embeddable":true,"href":"https:\/\/www.diocesisciudadrodrigo.org\/blog3\/wp-json\/wp\/v2\/categories?post=6006"},{"taxonomy":"post_tag","embeddable":true,"href":"https:\/\/www.diocesisciudadrodrigo.org\/blog3\/wp-json\/wp\/v2\/tags?post=6006"}],"curies":[{"name":"wp","href":"https:\/\/api.w.org\/{rel}","templated":true}]}}