{"id":5786,"date":"2017-04-25T17:31:38","date_gmt":"2017-04-25T16:31:38","guid":{"rendered":"http:\/\/www.diocesisciudadrodrigo.org\/blog3\/?p=5786"},"modified":"2017-04-25T17:31:38","modified_gmt":"2017-04-25T16:31:38","slug":"patrimonio-3","status":"publish","type":"post","link":"https:\/\/www.diocesisciudadrodrigo.org\/blog3\/patrimonio-3\/","title":{"rendered":"Patrimonio"},"content":{"rendered":"<figure id=\"attachment_5787\" aria-describedby=\"caption-attachment-5787\" style=\"width: 235px\" class=\"wp-caption alignright\"><a href=\"http:\/\/www.diocesisciudadrodrigo.org\/blog3\/wp-content\/uploads\/2017\/04\/retablo.jpg\"><img loading=\"lazy\" class=\"wp-image-5787 size-medium\" src=\"http:\/\/www.diocesisciudadrodrigo.org\/blog3\/wp-content\/uploads\/2017\/04\/retablo-245x300.jpg\" alt=\"\" width=\"245\" height=\"300\" srcset=\"https:\/\/www.diocesisciudadrodrigo.org\/blog3\/wp-content\/uploads\/2017\/04\/retablo-245x300.jpg 245w, https:\/\/www.diocesisciudadrodrigo.org\/blog3\/wp-content\/uploads\/2017\/04\/retablo-652x800.jpg 652w, https:\/\/www.diocesisciudadrodrigo.org\/blog3\/wp-content\/uploads\/2017\/04\/retablo.jpg 721w\" sizes=\"(max-width: 245px) 100vw, 245px\" \/><\/a><figcaption id=\"caption-attachment-5787\" class=\"wp-caption-text\">Proceso de restauraci\u00f3n del retablo.<\/figcaption><\/figure>\n<p><span style=\"font-size: 14pt; color: #3366ff;\"><strong>Gallegos de Arga\u00f1\u00e1n inaugura el mi\u00e9rcoles la restauraci\u00f3n del retablo parroquial\u00a0<\/strong><\/span><\/p>\n<p>El mi\u00e9rcoles 26 de abril a las 12:00 horas se inaugura la restauraci\u00f3n del retablo de la Capilla Mayor de la Iglesia parroquial de \u201cSantiago Ap\u00f3stol\u201d de Gallegos de Arga\u00f1\u00e1n. Fue D. Cayetano Cuadrillero y Mota quien, en una visita pastoral al pueblo, pidi\u00f3 que se hiciera un retablo para decorar el fondo de la Capilla Mayor g\u00f3tica de la iglesia. Se encarg\u00f3 entonces la construcci\u00f3n del retablo y la adquisici\u00f3n de las im\u00e1genes para las hornacinas, siendo la imagen principal del retablo una Inmaculada Concepci\u00f3n de grandes proporciones. Completan el retablo las im\u00e1genes de Santiago Ap\u00f3stol a caballo en la Batalla de Clavijo, por ser Santiago Ap\u00f3stol el titular de la Parroquia, y las de san Blas y san Bernardino de Siena. Como curiosidad, san Bernardino de Siena aparece representado con tres mitras a los pies, pues tres veces le propusieron ser obispo y las tres veces lo rechaz\u00f3.<\/p>\n<p>Desde que se construy\u00f3 el retablo no hab\u00eda tenido ninguna limpieza seria ni restauraci\u00f3n, lo cual hab\u00eda hecho que adquiriera un color verde oscuro fruto de la oxidaci\u00f3n de la capa de barniz y goma laca que se le dio al construirse. Adem\u00e1s, con el paso del tiempo, el retablo hab\u00eda llegado a perder el anclaje que lo manten\u00eda unido a la pared, con lo cual ten\u00eda peligro de desarmarse y caerse siendo pues un peligro para la seguridad.<!--more--><\/p>\n<p>Durante estos meses la empresa salmantina RestNova ha procedido a la limpieza y restauraci\u00f3n del retablo eliminando el barniz y goma laca oxidados tanto en el retablo como en las im\u00e1genes y ha reconstruido algunas piezas que se hab\u00edan perdido. No hay que olvidar que durante la Guerra de la Independencia la Iglesia parroquial de Gallegos de Arga\u00f1\u00e1n sirvi\u00f3 de cuartel militar en el que dorm\u00edan soldados y animales y que para poderse calentar los soldados a veces llegaron a arrancar piezas de madera del retablo para hacer fuego.<\/p>\n<p>El resultado final ha sido el de la recuperaci\u00f3n de los colores vivos en tonos azules que ten\u00eda el retablo y la vuelta a los colores originales tambi\u00e9n de las im\u00e1genes.<\/p>\n<p>Ha sido el pueblo de Gallegos de Arga\u00f1\u00e1n el que ha costeado la totalidad de la restauraci\u00f3n con donativos de los fieles, desde que el a\u00f1o pasado, en la anterior fiesta de la Romer\u00eda al Cristo de la Exaltaci\u00f3n, se anunciase el proyecto de la restauraci\u00f3n del retablo.<\/p>\n<p>La inauguraci\u00f3n tiene lugar en el d\u00eda de la Romer\u00eda al Cristo de la Exaltaci\u00f3n, patrono del pueblo, que por este motivo vuelve a salir de la Ermita parroquial para ir en procesi\u00f3n hasta la Iglesia parroquial, donde se celebrar\u00e1 la Eucarist\u00eda. Posteriormente, se volver\u00e1 en procesi\u00f3n con la imagen del Cristo de la Exaltaci\u00f3n a la Ermita parroquial. Normalmente es en la Ermita parroquial donde tiene lugar esta Eucarist\u00eda, pero ya ha habido ocasiones en las que la imagen de este Cristo crucificado ha salido de la Ermita parroquial, como cuando esta imagen fue restaurada en 1996 y se celebr\u00f3 con ella la Eucarist\u00eda en la Iglesia parroquial y se baj\u00f3 tambi\u00e9n con ella en procesi\u00f3n hasta el Cementerio Municipal, donde se celebr\u00f3otra Eucarist\u00eda.<\/p>\n","protected":false},"excerpt":{"rendered":"<p>Gallegos de Arga\u00f1\u00e1n inaugura el mi\u00e9rcoles la restauraci\u00f3n del retablo parroquial\u00a0 El mi\u00e9rcoles 26 de abril a las 12:00 horas se inaugura la restauraci\u00f3n del retablo de la Capilla Mayor de la Iglesia parroquial de \u201cSantiago Ap\u00f3stol\u201d de Gallegos de Arga\u00f1\u00e1n. Fue D. Cayetano Cuadrillero y Mota quien, en una visita pastoral al pueblo, pidi\u00f3 &#8230; <a title=\"Patrimonio\" class=\"read-more\" href=\"https:\/\/www.diocesisciudadrodrigo.org\/blog3\/patrimonio-3\/\" aria-label=\"M\u00e1s en Patrimonio\">Leer m\u00e1s<\/a><\/p>\n","protected":false},"author":4,"featured_media":0,"comment_status":"closed","ping_status":"closed","sticky":false,"template":"","format":"standard","meta":[],"categories":[3],"tags":[],"_links":{"self":[{"href":"https:\/\/www.diocesisciudadrodrigo.org\/blog3\/wp-json\/wp\/v2\/posts\/5786"}],"collection":[{"href":"https:\/\/www.diocesisciudadrodrigo.org\/blog3\/wp-json\/wp\/v2\/posts"}],"about":[{"href":"https:\/\/www.diocesisciudadrodrigo.org\/blog3\/wp-json\/wp\/v2\/types\/post"}],"author":[{"embeddable":true,"href":"https:\/\/www.diocesisciudadrodrigo.org\/blog3\/wp-json\/wp\/v2\/users\/4"}],"replies":[{"embeddable":true,"href":"https:\/\/www.diocesisciudadrodrigo.org\/blog3\/wp-json\/wp\/v2\/comments?post=5786"}],"version-history":[{"count":1,"href":"https:\/\/www.diocesisciudadrodrigo.org\/blog3\/wp-json\/wp\/v2\/posts\/5786\/revisions"}],"predecessor-version":[{"id":5788,"href":"https:\/\/www.diocesisciudadrodrigo.org\/blog3\/wp-json\/wp\/v2\/posts\/5786\/revisions\/5788"}],"wp:attachment":[{"href":"https:\/\/www.diocesisciudadrodrigo.org\/blog3\/wp-json\/wp\/v2\/media?parent=5786"}],"wp:term":[{"taxonomy":"category","embeddable":true,"href":"https:\/\/www.diocesisciudadrodrigo.org\/blog3\/wp-json\/wp\/v2\/categories?post=5786"},{"taxonomy":"post_tag","embeddable":true,"href":"https:\/\/www.diocesisciudadrodrigo.org\/blog3\/wp-json\/wp\/v2\/tags?post=5786"}],"curies":[{"name":"wp","href":"https:\/\/api.w.org\/{rel}","templated":true}]}}