{"id":5780,"date":"2017-04-19T18:42:53","date_gmt":"2017-04-19T17:42:53","guid":{"rendered":"http:\/\/www.diocesisciudadrodrigo.org\/blog3\/?p=5780"},"modified":"2017-04-19T18:42:53","modified_gmt":"2017-04-19T17:42:53","slug":"iv-encuentro-regional-de-alumnos-de-religion-2","status":"publish","type":"post","link":"https:\/\/www.diocesisciudadrodrigo.org\/blog3\/iv-encuentro-regional-de-alumnos-de-religion-2\/","title":{"rendered":"IV Encuentro regional de alumnos de religi\u00f3n"},"content":{"rendered":"<p><span style=\"color: #3366ff; font-size: 14pt;\"><strong>M\u00e1s de 800 alumnos de religi\u00f3n se suman en Palencia al encuentro regional<a href=\"http:\/\/www.diocesisciudadrodrigo.org\/blog3\/wp-content\/uploads\/2017\/04\/DSC_0101.jpg\"><img loading=\"lazy\" class=\"alignright size-medium wp-image-5781\" src=\"http:\/\/www.diocesisciudadrodrigo.org\/blog3\/wp-content\/uploads\/2017\/04\/DSC_0101-300x200.jpg\" alt=\"\" width=\"300\" height=\"200\" srcset=\"https:\/\/www.diocesisciudadrodrigo.org\/blog3\/wp-content\/uploads\/2017\/04\/DSC_0101-300x200.jpg 300w, https:\/\/www.diocesisciudadrodrigo.org\/blog3\/wp-content\/uploads\/2017\/04\/DSC_0101-768x512.jpg 768w, https:\/\/www.diocesisciudadrodrigo.org\/blog3\/wp-content\/uploads\/2017\/04\/DSC_0101-800x533.jpg 800w\" sizes=\"(max-width: 300px) 100vw, 300px\" \/><\/a><\/strong><\/span><\/p>\n<p>Satisfacci\u00f3n por parte de los organizadores y de los asistentes. As\u00ed se podr\u00eda resumir el IV Encuentro regional de alumnos de religi\u00f3n celebrado hoy en Palencia. El objetivo de estos encuentros de alumnos que est\u00e1n cursando religi\u00f3n en la Escuela P\u00fablica es compartir, convivir y ver que son muchos los que eligen la opci\u00f3n de religi\u00f3n.<\/p>\n<p>Es una oportunidad para plantear propuestas sobre el tipo de vida que llevan, incluida la vocacional, conocer la ciudad, compartir juegos y disfrutar de la convivencia entre alumnos de distintos centros.<\/p>\n<p>Por parte de la di\u00f3cesis de Ciudad Rodrigo han acudido 90 j\u00f3venes, con el delegado de Educaci\u00f3n, Alfredo Ramajo, a la cabeza.<a href=\"http:\/\/www.diocesisciudadrodrigo.org\/blog3\/wp-content\/uploads\/2017\/04\/DSC_0093.jpg\"><img loading=\"lazy\" class=\"alignleft size-medium wp-image-5782\" src=\"http:\/\/www.diocesisciudadrodrigo.org\/blog3\/wp-content\/uploads\/2017\/04\/DSC_0093-300x200.jpg\" alt=\"\" width=\"300\" height=\"200\" srcset=\"https:\/\/www.diocesisciudadrodrigo.org\/blog3\/wp-content\/uploads\/2017\/04\/DSC_0093-300x200.jpg 300w, https:\/\/www.diocesisciudadrodrigo.org\/blog3\/wp-content\/uploads\/2017\/04\/DSC_0093-768x512.jpg 768w, https:\/\/www.diocesisciudadrodrigo.org\/blog3\/wp-content\/uploads\/2017\/04\/DSC_0093-800x533.jpg 800w\" sizes=\"(max-width: 300px) 100vw, 300px\" \/><\/a><\/p>\n","protected":false},"excerpt":{"rendered":"<p>M\u00e1s de 800 alumnos de religi\u00f3n se suman en Palencia al encuentro regional Satisfacci\u00f3n por parte de los organizadores y de los asistentes. As\u00ed se podr\u00eda resumir el IV Encuentro regional de alumnos de religi\u00f3n celebrado hoy en Palencia. El objetivo de estos encuentros de alumnos que est\u00e1n cursando religi\u00f3n en la Escuela P\u00fablica es &#8230; <a title=\"IV Encuentro regional de alumnos de religi\u00f3n\" class=\"read-more\" href=\"https:\/\/www.diocesisciudadrodrigo.org\/blog3\/iv-encuentro-regional-de-alumnos-de-religion-2\/\" aria-label=\"M\u00e1s en IV Encuentro regional de alumnos de religi\u00f3n\">Leer m\u00e1s<\/a><\/p>\n","protected":false},"author":4,"featured_media":0,"comment_status":"closed","ping_status":"closed","sticky":false,"template":"","format":"standard","meta":[],"categories":[3],"tags":[],"_links":{"self":[{"href":"https:\/\/www.diocesisciudadrodrigo.org\/blog3\/wp-json\/wp\/v2\/posts\/5780"}],"collection":[{"href":"https:\/\/www.diocesisciudadrodrigo.org\/blog3\/wp-json\/wp\/v2\/posts"}],"about":[{"href":"https:\/\/www.diocesisciudadrodrigo.org\/blog3\/wp-json\/wp\/v2\/types\/post"}],"author":[{"embeddable":true,"href":"https:\/\/www.diocesisciudadrodrigo.org\/blog3\/wp-json\/wp\/v2\/users\/4"}],"replies":[{"embeddable":true,"href":"https:\/\/www.diocesisciudadrodrigo.org\/blog3\/wp-json\/wp\/v2\/comments?post=5780"}],"version-history":[{"count":1,"href":"https:\/\/www.diocesisciudadrodrigo.org\/blog3\/wp-json\/wp\/v2\/posts\/5780\/revisions"}],"predecessor-version":[{"id":5783,"href":"https:\/\/www.diocesisciudadrodrigo.org\/blog3\/wp-json\/wp\/v2\/posts\/5780\/revisions\/5783"}],"wp:attachment":[{"href":"https:\/\/www.diocesisciudadrodrigo.org\/blog3\/wp-json\/wp\/v2\/media?parent=5780"}],"wp:term":[{"taxonomy":"category","embeddable":true,"href":"https:\/\/www.diocesisciudadrodrigo.org\/blog3\/wp-json\/wp\/v2\/categories?post=5780"},{"taxonomy":"post_tag","embeddable":true,"href":"https:\/\/www.diocesisciudadrodrigo.org\/blog3\/wp-json\/wp\/v2\/tags?post=5780"}],"curies":[{"name":"wp","href":"https:\/\/api.w.org\/{rel}","templated":true}]}}