{"id":5379,"date":"2016-11-26T15:23:49","date_gmt":"2016-11-26T14:23:49","guid":{"rendered":"http:\/\/www.diocesisciudadrodrigo.org\/blog3\/?p=5379"},"modified":"2016-11-26T15:23:49","modified_gmt":"2016-11-26T14:23:49","slug":"festividad-de-san-cayetano-2","status":"publish","type":"post","link":"https:\/\/www.diocesisciudadrodrigo.org\/blog3\/festividad-de-san-cayetano-2\/","title":{"rendered":"Festividad de San Cayetano"},"content":{"rendered":"<p><span style=\"color: #3366ff; font-size: 14pt;\"><strong>Presentaci\u00f3n del libro de los hermanos Garc\u00eda S\u00e1nchez<a href=\"http:\/\/www.diocesisciudadrodrigo.org\/blog3\/?attachment_id=5380\" rel=\"attachment wp-att-5380\"><img loading=\"lazy\" class=\"alignright size-medium wp-image-5380\" src=\"http:\/\/www.diocesisciudadrodrigo.org\/blog3\/wp-content\/uploads\/2016\/11\/Silvia-Libro-Hermanos-garc\u00eda-S\u00e1nchez-300x199.jpg\" alt=\"silvia-libro-hermanos-garcia-sanchez\" width=\"300\" height=\"199\" srcset=\"https:\/\/www.diocesisciudadrodrigo.org\/blog3\/wp-content\/uploads\/2016\/11\/Silvia-Libro-Hermanos-garc\u00eda-S\u00e1nchez-300x199.jpg 300w, https:\/\/www.diocesisciudadrodrigo.org\/blog3\/wp-content\/uploads\/2016\/11\/Silvia-Libro-Hermanos-garc\u00eda-S\u00e1nchez-800x531.jpg 800w\" sizes=\"(max-width: 300px) 100vw, 300px\" \/><\/a><\/strong><\/span><\/p>\n<p>Dentro de los actos programados con motivo de la festividad de San Cayetano, el Seminario ha sido el lugar en el que se ha presentado durante la ma\u00f1ana del s\u00e1bado el libro de\u00a0Jes\u00fas Garc\u00eda S\u00e1nchez, Justo Garc\u00eda S\u00e1nchez, Jer\u00f3nimo Garc\u00eda S\u00e1nchez:&#8217; <em>El hero\u00edsmo mirobrigense de 1808 a 1810. La historia contada por sus habitantes. Hechos relevantes, incidentes destacados, personas ilustres&#8217;, <\/em>que ha sido editado por la Diputaci\u00f3n de Salamanca. Salamanca 2016. Los propios autores participaron en esta presentaci\u00f3n.<\/p>\n<p>&nbsp;<\/p>\n","protected":false},"excerpt":{"rendered":"<p>Presentaci\u00f3n del libro de los hermanos Garc\u00eda S\u00e1nchez Dentro de los actos programados con motivo de la festividad de San Cayetano, el Seminario ha sido el lugar en el que se ha presentado durante la ma\u00f1ana del s\u00e1bado el libro de\u00a0Jes\u00fas Garc\u00eda S\u00e1nchez, Justo Garc\u00eda S\u00e1nchez, Jer\u00f3nimo Garc\u00eda S\u00e1nchez:&#8217; El hero\u00edsmo mirobrigense de 1808 a &#8230; <a title=\"Festividad de San Cayetano\" class=\"read-more\" href=\"https:\/\/www.diocesisciudadrodrigo.org\/blog3\/festividad-de-san-cayetano-2\/\" aria-label=\"M\u00e1s en Festividad de San Cayetano\">Leer m\u00e1s<\/a><\/p>\n","protected":false},"author":4,"featured_media":0,"comment_status":"closed","ping_status":"closed","sticky":false,"template":"","format":"standard","meta":[],"categories":[3],"tags":[],"_links":{"self":[{"href":"https:\/\/www.diocesisciudadrodrigo.org\/blog3\/wp-json\/wp\/v2\/posts\/5379"}],"collection":[{"href":"https:\/\/www.diocesisciudadrodrigo.org\/blog3\/wp-json\/wp\/v2\/posts"}],"about":[{"href":"https:\/\/www.diocesisciudadrodrigo.org\/blog3\/wp-json\/wp\/v2\/types\/post"}],"author":[{"embeddable":true,"href":"https:\/\/www.diocesisciudadrodrigo.org\/blog3\/wp-json\/wp\/v2\/users\/4"}],"replies":[{"embeddable":true,"href":"https:\/\/www.diocesisciudadrodrigo.org\/blog3\/wp-json\/wp\/v2\/comments?post=5379"}],"version-history":[{"count":1,"href":"https:\/\/www.diocesisciudadrodrigo.org\/blog3\/wp-json\/wp\/v2\/posts\/5379\/revisions"}],"predecessor-version":[{"id":5381,"href":"https:\/\/www.diocesisciudadrodrigo.org\/blog3\/wp-json\/wp\/v2\/posts\/5379\/revisions\/5381"}],"wp:attachment":[{"href":"https:\/\/www.diocesisciudadrodrigo.org\/blog3\/wp-json\/wp\/v2\/media?parent=5379"}],"wp:term":[{"taxonomy":"category","embeddable":true,"href":"https:\/\/www.diocesisciudadrodrigo.org\/blog3\/wp-json\/wp\/v2\/categories?post=5379"},{"taxonomy":"post_tag","embeddable":true,"href":"https:\/\/www.diocesisciudadrodrigo.org\/blog3\/wp-json\/wp\/v2\/tags?post=5379"}],"curies":[{"name":"wp","href":"https:\/\/api.w.org\/{rel}","templated":true}]}}