{"id":5370,"date":"2016-11-25T19:53:39","date_gmt":"2016-11-25T18:53:39","guid":{"rendered":"http:\/\/www.diocesisciudadrodrigo.org\/blog3\/?p=5370"},"modified":"2016-11-26T01:09:57","modified_gmt":"2016-11-26T00:09:57","slug":"festividad-de-san-cayetano","status":"publish","type":"post","link":"https:\/\/www.diocesisciudadrodrigo.org\/blog3\/festividad-de-san-cayetano\/","title":{"rendered":"Festividad de San Cayetano"},"content":{"rendered":"<p><span style=\"color: #3366ff; font-size: 14pt;\"><strong><a href=\"http:\/\/www.diocesisciudadrodrigo.org\/blog3\/?attachment_id=5371\" rel=\"attachment wp-att-5371\"><img loading=\"lazy\" class=\"aligncenter size-medium wp-image-5371\" src=\"http:\/\/www.diocesisciudadrodrigo.org\/blog3\/wp-content\/uploads\/2016\/11\/IMG_1024-300x225.jpg\" alt=\"img_1024\" width=\"300\" height=\"225\" srcset=\"https:\/\/www.diocesisciudadrodrigo.org\/blog3\/wp-content\/uploads\/2016\/11\/IMG_1024-300x225.jpg 300w, https:\/\/www.diocesisciudadrodrigo.org\/blog3\/wp-content\/uploads\/2016\/11\/IMG_1024-800x600.jpg 800w, https:\/\/www.diocesisciudadrodrigo.org\/blog3\/wp-content\/uploads\/2016\/11\/IMG_1024.jpg 2016w\" sizes=\"(max-width: 300px) 100vw, 300px\" \/><\/a>Ra\u00fal Berzosa: \u00abNuestro Seminario tiene que ser una escuela y un laboratorio de virtudes humanas\u00bb<\/strong><\/span><\/p>\n<p>Querido Sr. Rector, queridos formadores y profesores, queridos hermanos presb\u00edteros y queridas religiosas, queridos seminaristas y familiares, querido personal de servicio de nuestro Seminario:<\/p>\n<p>Estamos celebrando, con un d\u00eda de anticipaci\u00f3n, la memoria de San Cayetano. Otros a\u00f1os os he hablado de su vida y de la actualidad de su magisterio y de su obra apost\u00f3lica. Hoy, dejando las lecturas lit\u00fargicas que hemos escuchado, quiero hablaros de las virtudes humanas que, a imitaci\u00f3n de nuestro Santo y de otros, debemos cultivar en esta casa de formaci\u00f3n.<\/p>\n<p>El hecho de ser el Seminario una Instituci\u00f3n \u201cespecial y \u00fanica\u201d no nos excusa de tener que formarnos muy bien, humana y cristianamente hablando. M\u00e1xime cuando en esta casa viv\u00eds, sobre todo, adolescentes y j\u00f3venes. La madurez humana y la madurez cristiana tienen que caminar unidas. Sol\u00eda afirmar San Juan Bosco, y seguro que San Cayetano lo aprobar\u00eda, que ten\u00edamos que ser, conjuntamente, <em>\u201cbuenos ciudadanos y buenos cristianos\u201d. <\/em>Y, nuestro querido Papa San Juan Pablo II nos record\u00f3 que podemos ser perfectamente \u201ccristianos\u201d e \u201chijos de nuestro tiempo\u201d. Sin complejos y sin miedos.<\/p>\n<p>Resumir\u00eda las virtudes que pido al Seminario en una especie de cuatro puntos cardinales: Norte: <em>qui\u00e9rete y cuida sanamente de ti mismo.<\/em> Sur: <em>cuida y quiere a los dem\u00e1s como a ti mismo.<\/em> Este: <em>cuida y ama tu relaci\u00f3n con el Se\u00f1or para poder quererte y cuidarte a ti mismo y a los dem\u00e1s.<\/em> Y, Oeste: <em>cuida, ama y respeta todas las cosas de este mundo que el Creador te ha regalado.<\/em> Pasamos a explicarlos brevemente.<a href=\"http:\/\/www.diocesisciudadrodrigo.org\/blog3\/?attachment_id=5377\" rel=\"attachment wp-att-5377\"><img loading=\"lazy\" class=\"aligncenter size-medium wp-image-5377\" src=\"http:\/\/www.diocesisciudadrodrigo.org\/blog3\/wp-content\/uploads\/2016\/11\/IMG_10351-300x225.jpg\" alt=\"img_1035\" width=\"300\" height=\"225\" srcset=\"https:\/\/www.diocesisciudadrodrigo.org\/blog3\/wp-content\/uploads\/2016\/11\/IMG_10351-300x225.jpg 300w, https:\/\/www.diocesisciudadrodrigo.org\/blog3\/wp-content\/uploads\/2016\/11\/IMG_10351.jpg 640w\" sizes=\"(max-width: 300px) 100vw, 300px\" \/><\/a><!--more--><\/p>\n<p>El Norte, o la primera virtud, como escribi\u00f3 San Pablo a los fieles de \u00c9feso, es \u00e9sta: \u201c<em>Cuidad de vosotros mismos\u201d<\/em> (Ac 20,28). Tambi\u00e9n se lo pidi\u00f3 a Timoteo: <em>\u201cCuida de ti mismo\u201d<\/em> (Tim 4,16). Si no cuidamos de nosotros, no sabremos cuidar de los dem\u00e1s ni seremos sanamente independientes. Quien no se cuida a s\u00ed mismo, ni se conoce ni sabe qu\u00e9 tiene que hacer en relaci\u00f3n a los dem\u00e1s. Para cuidarse a uno mismo necesitamos tres cosas: conocernos de verdad con nuestras grandezas y limitaciones; aceptarnos como somos; y saber donarnos a los dem\u00e1s. El cuidado de uno mismo debe darse en todos los aspectos personales: cuidar la limpieza f\u00edsica, las maneras de hablar, la forma de vestir, la forma de implicarte y motivarte en los estudios, la manera de relacionarnos con los dem\u00e1s y hasta la manera que tenemos de rezar\u2026<\/p>\n<p>El Sur o la segunda virtud es \u201c<em>cuidarnos unos a otros\u201d,<\/em> como nos gustar\u00eda que nos cuidaran los dem\u00e1s a nosotros y como nos cuidamos sanamente a nosotros mismos: ni ser <em>masoquistas,<\/em> que nos dejemos aplastar y anular por los dem\u00e1s, ni ser <em>s\u00e1dicos<\/em> que siempre estemos pretendiendo dominar a los dem\u00e1s. Es decir, sin complejos de inferioridad ni de superioridad.<\/p>\n<p>El Este o tercera virtud, se traduce por: <em>ama y quiere al Se\u00f1or por encima de todo y como tu gran Tesoro;<\/em> porque amando y queriendo a Jes\u00fas, te querr\u00e1s a ti mismo y querr\u00e1s de verdad a los dem\u00e1s. Jes\u00fas nos dijo que, al mismo tiempo e inseparablemente, tenemos que amar a Dios <em>(dimensi\u00f3n vertical) <\/em>y nos tenemos que amar entre nosotros <em>(dimensi\u00f3n horizontal)<\/em>. As\u00ed, descubriremos y viviremos el amor fraterno, y de amistad verdadera entre nosotros, y el amor de <em>\u00e1gape,<\/em> divino, que sabe perdonar una y otra vez, y que sabe querer aunque a ti no te traten bien porque, en definitiva, es capaz de perdonar y rezar hasta por los enemigos. Esto es muy genuinamente cristiano y algo muy \u00fanico de nuestra religi\u00f3n cristiana.<\/p>\n<p>Finalmente, el Oeste o cuarta virtud, <em>es amar todo lo creado, para nosotros y para los dem\u00e1s, seg\u00fan el sue\u00f1o de Dios Creador. <\/em>Durante el a\u00f1o pasado y el presente he tenido hablar y exponer la Enc\u00edclica del papa Francisco \u201c<em>Laudato si\u201d<\/em>, sobre la creaci\u00f3n y el cuidado conjunto del medio ambiente y de los m\u00e1s pobres. La gente que escuchaba atenta se quedaba muy pensativa cuando les recordaba que no s\u00f3lo hay que defender \u201cmis derechos\u201d, o los \u201cderechos de los dem\u00e1s\u201d, e incluso los \u201cderechos de la naturaleza y de los animales\u201d, sino tambi\u00e9n y sobre todo, \u201clos derechos de Dios\u201d. Porque no lo olvidemos, el Creador tiene sus derechos sobre todo lo que ha creado. Por eso, amar la naturaleza y el medio ambiente, y todo lo creado, tiene consecuencias en lo cotidiano: respeto de plantas y animales; no contaminar ni ensuciar los ambientes donde nos movemos; no malgastar el agua o la luz; primar los transportes comunitarios; no malgastar comida, etc\u2026 Y, quien cuida as\u00ed el medio ambiente, desarrolla inevitablemente un coraz\u00f3n solidario para cuidar de los dem\u00e1s, especialmente de los m\u00e1s pobres.<\/p>\n<p>Nada m\u00e1s: nos fijamos en Jes\u00fas, en su Madre Mar\u00eda, en San Jos\u00e9 y en todos los santos, hoy de forma especial en San Cayetano, para aprender a vivir como ellos no s\u00f3lo las virtudes espirituales sino tambi\u00e9n humanas. Nuestro Seminario tiene que ser una escuela y un laboratorio de virtudes humanas, y hasta un ejemplo aqu\u00ed, en Ciudad Rodrigo. Ojal\u00e1 cuando los seminaristas paseemos por la Ciudad, o asistamos a actos p\u00fablicos, la gente que nos vea s\u00f3lo pueda exclamar con admiraci\u00f3n y alegr\u00eda: <em>\u201c!C\u00f3mo se nota que son seminaristas!\u201d \u201c!Qu\u00e9 comportamiento tan ejemplar!\u201d\u2026<\/em> Y, esto mismo, aplicarlo a la vida cotidiana del Seminario, Se lo pedimos al Esp\u00edritu, que hace verdaderos milagros a la hora de transformar a personas y colectivos. Que as\u00ed sea. \u00a1Felices y santas Fiestas de San Cayetano 2016! Ojal\u00e1 nos traigan el regalo de nuevas y muy santas vocaciones para el ministerio sacerdotal. \u00a1Lo pedimos con fuerza y con ganas!<\/p>\n<p>+ Ra\u00fal, Obispo de Ciudad Rodrigo<\/p>\n<p>&nbsp;<\/p>\n<p>&nbsp;<\/p>\n<p>&nbsp;<\/p>\n<p>&nbsp;<\/p>\n","protected":false},"excerpt":{"rendered":"<p>Ra\u00fal Berzosa: \u00abNuestro Seminario tiene que ser una escuela y un laboratorio de virtudes humanas\u00bb Querido Sr. Rector, queridos formadores y profesores, queridos hermanos presb\u00edteros y queridas religiosas, queridos seminaristas y familiares, querido personal de servicio de nuestro Seminario: Estamos celebrando, con un d\u00eda de anticipaci\u00f3n, la memoria de San Cayetano. Otros a\u00f1os os he &#8230; <a title=\"Festividad de San Cayetano\" class=\"read-more\" href=\"https:\/\/www.diocesisciudadrodrigo.org\/blog3\/festividad-de-san-cayetano\/\" aria-label=\"M\u00e1s en Festividad de San Cayetano\">Leer m\u00e1s<\/a><\/p>\n","protected":false},"author":4,"featured_media":0,"comment_status":"closed","ping_status":"closed","sticky":false,"template":"","format":"standard","meta":[],"categories":[63],"tags":[],"_links":{"self":[{"href":"https:\/\/www.diocesisciudadrodrigo.org\/blog3\/wp-json\/wp\/v2\/posts\/5370"}],"collection":[{"href":"https:\/\/www.diocesisciudadrodrigo.org\/blog3\/wp-json\/wp\/v2\/posts"}],"about":[{"href":"https:\/\/www.diocesisciudadrodrigo.org\/blog3\/wp-json\/wp\/v2\/types\/post"}],"author":[{"embeddable":true,"href":"https:\/\/www.diocesisciudadrodrigo.org\/blog3\/wp-json\/wp\/v2\/users\/4"}],"replies":[{"embeddable":true,"href":"https:\/\/www.diocesisciudadrodrigo.org\/blog3\/wp-json\/wp\/v2\/comments?post=5370"}],"version-history":[{"count":3,"href":"https:\/\/www.diocesisciudadrodrigo.org\/blog3\/wp-json\/wp\/v2\/posts\/5370\/revisions"}],"predecessor-version":[{"id":5378,"href":"https:\/\/www.diocesisciudadrodrigo.org\/blog3\/wp-json\/wp\/v2\/posts\/5370\/revisions\/5378"}],"wp:attachment":[{"href":"https:\/\/www.diocesisciudadrodrigo.org\/blog3\/wp-json\/wp\/v2\/media?parent=5370"}],"wp:term":[{"taxonomy":"category","embeddable":true,"href":"https:\/\/www.diocesisciudadrodrigo.org\/blog3\/wp-json\/wp\/v2\/categories?post=5370"},{"taxonomy":"post_tag","embeddable":true,"href":"https:\/\/www.diocesisciudadrodrigo.org\/blog3\/wp-json\/wp\/v2\/tags?post=5370"}],"curies":[{"name":"wp","href":"https:\/\/api.w.org\/{rel}","templated":true}]}}