{"id":5367,"date":"2016-11-25T19:28:13","date_gmt":"2016-11-25T18:28:13","guid":{"rendered":"http:\/\/www.diocesisciudadrodrigo.org\/blog3\/?p=5367"},"modified":"2016-11-26T01:06:17","modified_gmt":"2016-11-26T00:06:17","slug":"solidaridad-2","status":"publish","type":"post","link":"https:\/\/www.diocesisciudadrodrigo.org\/blog3\/solidaridad-2\/","title":{"rendered":"Solidaridad"},"content":{"rendered":"<p><span style=\"color: #3366ff; font-size: 14pt;\"><strong>El Rastrillo de Manos Unidas contribuir\u00e1 con un proyecto educativo en Ruanda<\/strong><\/span><\/p>\n<p>Las voluntarias de Manos Unidas en Ciudad Rodrigo, con su delegada a la cabeza, Ana Isabel Lucas; y la presencia del obispo de la di\u00f3cesis, Ra\u00fal Berzosa, han inaugurado una nueva edici\u00f3n del rastrillo solidario de esta entidad.<\/p>\n<p>Este a\u00f1o cambia de ubicaci\u00f3n y permanecer\u00e1 abierto en un local de la calle San Juan, en el n\u00famero 18, hasta el pr\u00f3ximo 11 de diciembre.<\/p>\n<p>Los art\u00edculos que su pueden encontrar son m\u00faltiples y variados, se aprecian muchas piezas de artesan\u00eda, pero tambi\u00e9n complementos o art\u00edculos que comercializa Manos Unidas para sus proyectos como pueden ser camisetas o macetas.<\/p>\n<p>El objetivo de este rastrillo es reunir fondos que contribuyan a sufragar el proyecto por el que ha apostado esta delegaci\u00f3n mirobrigense en esta oportunidad. En concreto, lo recaudado ir\u00e1 a la di\u00f3cesis de Kibungo, en Ruanda, con la que quieren colaborar en la escuela primaria de la parroquia de Zaza, creada en el a\u00f1o 2012 y que cuenta actualmente con 117 alumnos.<\/p>\n<p>Esta escuela, seg\u00fan informa la delegada de Manos Unidas, recibe continuas peticiones de ingreso que no pueden atender por lo que ha solicitado a esta entidad su colaboraci\u00f3n para ampliar las instalaciones con la construcci\u00f3n y equipamiento de tres nuevas aulas y locales de administraci\u00f3n y direcci\u00f3n.<\/p>\n<p>Las familias beneficiadas tambi\u00e9n han participado a trav\u00e9s de la parroquia, contribuyendo con sus peque\u00f1as aportaciones. El proyecto ir\u00e1 en beneficio de otros 135 ni\u00f1os y el presupuesto ronda los 29.500 euros. El rastrillo tiene un horario de 11:00 a 14:00 y de 16:30 a 19:30 horas.<a href=\"http:\/\/www.diocesisciudadrodrigo.org\/blog3\/?attachment_id=5373\" rel=\"attachment wp-att-5373\"><img loading=\"lazy\" class=\"aligncenter size-medium wp-image-5373\" src=\"http:\/\/www.diocesisciudadrodrigo.org\/blog3\/wp-content\/uploads\/2016\/11\/IMG_1011-300x225.jpg\" alt=\"img_1011\" width=\"300\" height=\"225\" srcset=\"https:\/\/www.diocesisciudadrodrigo.org\/blog3\/wp-content\/uploads\/2016\/11\/IMG_1011-300x225.jpg 300w, https:\/\/www.diocesisciudadrodrigo.org\/blog3\/wp-content\/uploads\/2016\/11\/IMG_1011-800x600.jpg 800w, https:\/\/www.diocesisciudadrodrigo.org\/blog3\/wp-content\/uploads\/2016\/11\/IMG_1011.jpg 2016w\" sizes=\"(max-width: 300px) 100vw, 300px\" \/><\/a><\/p>\n<p>&nbsp;<\/p>\n","protected":false},"excerpt":{"rendered":"<p>El Rastrillo de Manos Unidas contribuir\u00e1 con un proyecto educativo en Ruanda Las voluntarias de Manos Unidas en Ciudad Rodrigo, con su delegada a la cabeza, Ana Isabel Lucas; y la presencia del obispo de la di\u00f3cesis, Ra\u00fal Berzosa, han inaugurado una nueva edici\u00f3n del rastrillo solidario de esta entidad. Este a\u00f1o cambia de ubicaci\u00f3n &#8230; <a title=\"Solidaridad\" class=\"read-more\" href=\"https:\/\/www.diocesisciudadrodrigo.org\/blog3\/solidaridad-2\/\" aria-label=\"M\u00e1s en Solidaridad\">Leer m\u00e1s<\/a><\/p>\n","protected":false},"author":4,"featured_media":0,"comment_status":"closed","ping_status":"closed","sticky":false,"template":"","format":"standard","meta":[],"categories":[3],"tags":[],"_links":{"self":[{"href":"https:\/\/www.diocesisciudadrodrigo.org\/blog3\/wp-json\/wp\/v2\/posts\/5367"}],"collection":[{"href":"https:\/\/www.diocesisciudadrodrigo.org\/blog3\/wp-json\/wp\/v2\/posts"}],"about":[{"href":"https:\/\/www.diocesisciudadrodrigo.org\/blog3\/wp-json\/wp\/v2\/types\/post"}],"author":[{"embeddable":true,"href":"https:\/\/www.diocesisciudadrodrigo.org\/blog3\/wp-json\/wp\/v2\/users\/4"}],"replies":[{"embeddable":true,"href":"https:\/\/www.diocesisciudadrodrigo.org\/blog3\/wp-json\/wp\/v2\/comments?post=5367"}],"version-history":[{"count":2,"href":"https:\/\/www.diocesisciudadrodrigo.org\/blog3\/wp-json\/wp\/v2\/posts\/5367\/revisions"}],"predecessor-version":[{"id":5374,"href":"https:\/\/www.diocesisciudadrodrigo.org\/blog3\/wp-json\/wp\/v2\/posts\/5367\/revisions\/5374"}],"wp:attachment":[{"href":"https:\/\/www.diocesisciudadrodrigo.org\/blog3\/wp-json\/wp\/v2\/media?parent=5367"}],"wp:term":[{"taxonomy":"category","embeddable":true,"href":"https:\/\/www.diocesisciudadrodrigo.org\/blog3\/wp-json\/wp\/v2\/categories?post=5367"},{"taxonomy":"post_tag","embeddable":true,"href":"https:\/\/www.diocesisciudadrodrigo.org\/blog3\/wp-json\/wp\/v2\/tags?post=5367"}],"curies":[{"name":"wp","href":"https:\/\/api.w.org\/{rel}","templated":true}]}}