{"id":4154,"date":"2015-12-11T08:53:52","date_gmt":"2015-12-11T08:53:52","guid":{"rendered":"http:\/\/www.diocesisciudadrodrigo.org\/blog3\/?p=4154"},"modified":"2015-12-11T08:53:52","modified_gmt":"2015-12-11T08:53:52","slug":"domingo-13-de-diciembre","status":"publish","type":"post","link":"https:\/\/www.diocesisciudadrodrigo.org\/blog3\/domingo-13-de-diciembre\/","title":{"rendered":"Domingo 13 de diciembre"},"content":{"rendered":"<p><span style=\"color: #3366ff; font-size: 14pt;\"><strong>La di\u00f3cesis abrir\u00e1 el P\u00f3rtico del Perd\u00f3n con motivo del A\u00f1o Jubilar de la Misericordia<\/strong><\/span><\/p>\n<p>El pr\u00f3ximo domingo 13 de diciembre, se inaugurar\u00e1 en la di\u00f3cesis de Ciudad Rodrigo el A\u00f1o Jubilar de la Misericordia y por este motivo, se proceder\u00e1 a la apertura del P\u00f3rtico del Perd\u00f3n de la Catedral de Santa Mar\u00eda.<\/p>\n<p>Ya el pasado ocho de diciembre, tuvo lugar la apertura de la Puerta Santa en la Bas\u00edlica de San Pedro, como signo del inicio del A\u00f1o Jubilar de la Misericordia.<\/p>\n<p>La apertura de esta puerta est\u00e1 cargada de matices y gestos y as\u00ed, en primer lugar, se partir\u00e1 en procesi\u00f3n a las 16:45 horas desde la parroquia de El Sagrario en direcci\u00f3n a la Catedral donde a las 17:00 horas, se celebrar\u00e1 la Eucarist\u00eda. Antes de iniciar el recorrido tendr\u00e1 lugar un rito de introducci\u00f3n que comenzar\u00e1 con un saludo del Se\u00f1or obispo. Posteriormente,\u00a0 se leer\u00e1 un texto del Evangelio de San Lucas relativo a la misericordia y una parte de la bula del Santo Padre con motivo de este A\u00f1o Santo.<\/p>\n<p>Acto seguido comenzar\u00e1 la procesi\u00f3n\u00a0 con la que se quiere expresar, visiblemente con cada paso, que el pueblo de Dios est\u00e1 en camino constante y que \u00a0ese camino exige un compromiso y un sacrificio.<\/p>\n<p>Esta procesi\u00f3n, estar\u00e1 presidida por el Evangelio, que ser\u00e1 portado en alto por un sacerdote porque se quiere hacer visible que Cristo es el que camina delante de su pueblo.<\/p>\n<p>En el P\u00f3rtico del Perd\u00f3n, que estar\u00e1 decorado con ramas, habr\u00e1 una imagen de Cristo y la apertura por parte del obispo, simboliza el hecho de querer entrar al misterio de la Misericordia de Dios.<\/p>\n<p>El obispo es el encargado de abrir esa puerta por ser el que preside la Iglesia de Ciudad Rodrigo y la Catedral, simboliza la Iglesia Madre.<\/p>\n<p>Ya en la Catedral, tendr\u00e1 lugar el rito bautismal, con la bendici\u00f3n del agua, aspersi\u00f3n y bendici\u00f3n, como muestra viva del bautismo de los cristianos.<\/p>\n<p>Por \u00faltimo, se celebrar\u00e1 la Eucarist\u00eda porque para cualquier Iglesia, es el centro de la vida cristiana.<\/p>\n","protected":false},"excerpt":{"rendered":"<p>La di\u00f3cesis abrir\u00e1 el P\u00f3rtico del Perd\u00f3n con motivo del A\u00f1o Jubilar de la Misericordia El pr\u00f3ximo domingo 13 de diciembre, se inaugurar\u00e1 en la di\u00f3cesis de Ciudad Rodrigo el A\u00f1o Jubilar de la Misericordia y por este motivo, se proceder\u00e1 a la apertura del P\u00f3rtico del Perd\u00f3n de la Catedral de Santa Mar\u00eda. Ya &#8230; <a title=\"Domingo 13 de diciembre\" class=\"read-more\" href=\"https:\/\/www.diocesisciudadrodrigo.org\/blog3\/domingo-13-de-diciembre\/\" aria-label=\"M\u00e1s en Domingo 13 de diciembre\">Leer m\u00e1s<\/a><\/p>\n","protected":false},"author":4,"featured_media":0,"comment_status":"closed","ping_status":"closed","sticky":false,"template":"","format":"standard","meta":[],"categories":[3],"tags":[],"_links":{"self":[{"href":"https:\/\/www.diocesisciudadrodrigo.org\/blog3\/wp-json\/wp\/v2\/posts\/4154"}],"collection":[{"href":"https:\/\/www.diocesisciudadrodrigo.org\/blog3\/wp-json\/wp\/v2\/posts"}],"about":[{"href":"https:\/\/www.diocesisciudadrodrigo.org\/blog3\/wp-json\/wp\/v2\/types\/post"}],"author":[{"embeddable":true,"href":"https:\/\/www.diocesisciudadrodrigo.org\/blog3\/wp-json\/wp\/v2\/users\/4"}],"replies":[{"embeddable":true,"href":"https:\/\/www.diocesisciudadrodrigo.org\/blog3\/wp-json\/wp\/v2\/comments?post=4154"}],"version-history":[{"count":1,"href":"https:\/\/www.diocesisciudadrodrigo.org\/blog3\/wp-json\/wp\/v2\/posts\/4154\/revisions"}],"predecessor-version":[{"id":4155,"href":"https:\/\/www.diocesisciudadrodrigo.org\/blog3\/wp-json\/wp\/v2\/posts\/4154\/revisions\/4155"}],"wp:attachment":[{"href":"https:\/\/www.diocesisciudadrodrigo.org\/blog3\/wp-json\/wp\/v2\/media?parent=4154"}],"wp:term":[{"taxonomy":"category","embeddable":true,"href":"https:\/\/www.diocesisciudadrodrigo.org\/blog3\/wp-json\/wp\/v2\/categories?post=4154"},{"taxonomy":"post_tag","embeddable":true,"href":"https:\/\/www.diocesisciudadrodrigo.org\/blog3\/wp-json\/wp\/v2\/tags?post=4154"}],"curies":[{"name":"wp","href":"https:\/\/api.w.org\/{rel}","templated":true}]}}