{"id":3757,"date":"2015-09-11T11:25:55","date_gmt":"2015-09-11T11:25:55","guid":{"rendered":"http:\/\/www.diocesisciudadrodrigo.org\/blog3\/?p=3757"},"modified":"2015-09-11T11:27:07","modified_gmt":"2015-09-11T11:27:07","slug":"catedral-3","status":"publish","type":"post","link":"https:\/\/www.diocesisciudadrodrigo.org\/blog3\/catedral-3\/","title":{"rendered":"Catedral"},"content":{"rendered":"<p><span style=\"color: #3366ff; font-size: 14pt;\"><strong><a href=\"http:\/\/www.diocesisciudadrodrigo.org\/blog3\/?attachment_id=3758\" rel=\"attachment wp-att-3758\"><img loading=\"lazy\" class=\"alignleft size-medium wp-image-3758\" src=\"http:\/\/www.diocesisciudadrodrigo.org\/blog3\/wp-content\/uploads\/2015\/09\/canonigos1-300x200.jpg\" alt=\"canonigos1\" width=\"300\" height=\"200\" srcset=\"https:\/\/www.diocesisciudadrodrigo.org\/blog3\/wp-content\/uploads\/2015\/09\/canonigos1-300x200.jpg 300w, https:\/\/www.diocesisciudadrodrigo.org\/blog3\/wp-content\/uploads\/2015\/09\/canonigos1-800x533.jpg 800w, https:\/\/www.diocesisciudadrodrigo.org\/blog3\/wp-content\/uploads\/2015\/09\/canonigos1.jpg 1106w\" sizes=\"(max-width: 300px) 100vw, 300px\" \/><\/a><a href=\"http:\/\/www.diocesisciudadrodrigo.org\/blog3\/?attachment_id=3759\" rel=\"attachment wp-att-3759\"><img loading=\"lazy\" class=\"alignleft size-medium wp-image-3759\" src=\"http:\/\/www.diocesisciudadrodrigo.org\/blog3\/wp-content\/uploads\/2015\/09\/canonigos9-300x200.jpg\" alt=\"canonigos9\" width=\"300\" height=\"200\" srcset=\"https:\/\/www.diocesisciudadrodrigo.org\/blog3\/wp-content\/uploads\/2015\/09\/canonigos9-300x200.jpg 300w, https:\/\/www.diocesisciudadrodrigo.org\/blog3\/wp-content\/uploads\/2015\/09\/canonigos9-800x533.jpg 800w, https:\/\/www.diocesisciudadrodrigo.org\/blog3\/wp-content\/uploads\/2015\/09\/canonigos9.jpg 1106w\" sizes=\"(max-width: 300px) 100vw, 300px\" \/><\/a><\/strong><\/span><\/p>\n<p>&nbsp;<\/p>\n<p>&nbsp;<\/p>\n<p>&nbsp;<br \/>\n<span style=\"color: #3366ff; font-size: 14pt;\"><strong>Los nuevos can\u00f3nigos toman posesi\u00f3n de su cargo<\/strong><\/span><\/p>\n<p>La Catedral de Santa Mar\u00eda de Ciudad Rodrigo\u00a0ha acogido esta ma\u00f1ana\u00a0la toma de posesi\u00f3n de los nuevos can\u00f3nigos. Ya en el mes de julio tuvo lugar en el\u00a0Palacio Episcopal, el juramento y profesi\u00f3n de fe de\u00a0estos nuevos can\u00f3nigos, cuyos nombramientos hizo oficiales el se\u00f1or obispo, previamente. En concreto,\u00a0 D. Vidal Rodr\u00edguez Encinas,\u00a0 ser\u00e1 Can\u00f3nigo \u2018Prefecto de Liturgia\u2019 de la Santa Iglesia Catedral de Ciudad Rodrigo y D.\u00a0 \u00c1ngel Mart\u00edn Carballo, \u00a0Can\u00f3nigo de la Santa Iglesia Catedral.<\/p>\n<p>&nbsp;<\/p>\n<p>&nbsp;<\/p>\n","protected":false},"excerpt":{"rendered":"<p>&nbsp; &nbsp; &nbsp; Los nuevos can\u00f3nigos toman posesi\u00f3n de su cargo La Catedral de Santa Mar\u00eda de Ciudad Rodrigo\u00a0ha acogido esta ma\u00f1ana\u00a0la toma de posesi\u00f3n de los nuevos can\u00f3nigos. Ya en el mes de julio tuvo lugar en el\u00a0Palacio Episcopal, el juramento y profesi\u00f3n de fe de\u00a0estos nuevos can\u00f3nigos, cuyos nombramientos hizo oficiales el se\u00f1or &#8230; <a title=\"Catedral\" class=\"read-more\" href=\"https:\/\/www.diocesisciudadrodrigo.org\/blog3\/catedral-3\/\" aria-label=\"M\u00e1s en Catedral\">Leer m\u00e1s<\/a><\/p>\n","protected":false},"author":4,"featured_media":0,"comment_status":"closed","ping_status":"closed","sticky":false,"template":"","format":"standard","meta":[],"categories":[3],"tags":[],"_links":{"self":[{"href":"https:\/\/www.diocesisciudadrodrigo.org\/blog3\/wp-json\/wp\/v2\/posts\/3757"}],"collection":[{"href":"https:\/\/www.diocesisciudadrodrigo.org\/blog3\/wp-json\/wp\/v2\/posts"}],"about":[{"href":"https:\/\/www.diocesisciudadrodrigo.org\/blog3\/wp-json\/wp\/v2\/types\/post"}],"author":[{"embeddable":true,"href":"https:\/\/www.diocesisciudadrodrigo.org\/blog3\/wp-json\/wp\/v2\/users\/4"}],"replies":[{"embeddable":true,"href":"https:\/\/www.diocesisciudadrodrigo.org\/blog3\/wp-json\/wp\/v2\/comments?post=3757"}],"version-history":[{"count":2,"href":"https:\/\/www.diocesisciudadrodrigo.org\/blog3\/wp-json\/wp\/v2\/posts\/3757\/revisions"}],"predecessor-version":[{"id":3761,"href":"https:\/\/www.diocesisciudadrodrigo.org\/blog3\/wp-json\/wp\/v2\/posts\/3757\/revisions\/3761"}],"wp:attachment":[{"href":"https:\/\/www.diocesisciudadrodrigo.org\/blog3\/wp-json\/wp\/v2\/media?parent=3757"}],"wp:term":[{"taxonomy":"category","embeddable":true,"href":"https:\/\/www.diocesisciudadrodrigo.org\/blog3\/wp-json\/wp\/v2\/categories?post=3757"},{"taxonomy":"post_tag","embeddable":true,"href":"https:\/\/www.diocesisciudadrodrigo.org\/blog3\/wp-json\/wp\/v2\/tags?post=3757"}],"curies":[{"name":"wp","href":"https:\/\/api.w.org\/{rel}","templated":true}]}}