{"id":3751,"date":"2015-09-08T11:32:56","date_gmt":"2015-09-08T11:32:56","guid":{"rendered":"http:\/\/www.diocesisciudadrodrigo.org\/blog3\/?p=3751"},"modified":"2015-09-08T20:04:51","modified_gmt":"2015-09-08T20:04:51","slug":"virgen-de-la-pena-de-francia","status":"publish","type":"post","link":"https:\/\/www.diocesisciudadrodrigo.org\/blog3\/virgen-de-la-pena-de-francia\/","title":{"rendered":"Virgen de la Pe\u00f1a de Francia"},"content":{"rendered":"<figure id=\"attachment_3754\" aria-describedby=\"caption-attachment-3754\" style=\"width: 290px\" class=\"wp-caption alignleft\"><a href=\"http:\/\/www.diocesisciudadrodrigo.org\/blog3\/?attachment_id=3754\" rel=\"attachment wp-att-3754\"><img loading=\"lazy\" class=\"size-medium wp-image-3754\" src=\"http:\/\/www.diocesisciudadrodrigo.org\/blog3\/wp-content\/uploads\/2015\/09\/DSC_7583-300x200.jpg\" alt=\"La parroquia de San Andr\u00e9s tambi\u00e9n honr\u00f3 a la Virgen. Ciudadrodrigo.net\" width=\"300\" height=\"200\" srcset=\"https:\/\/www.diocesisciudadrodrigo.org\/blog3\/wp-content\/uploads\/2015\/09\/DSC_7583-300x200.jpg 300w, https:\/\/www.diocesisciudadrodrigo.org\/blog3\/wp-content\/uploads\/2015\/09\/DSC_7583-800x533.jpg 800w\" sizes=\"(max-width: 300px) 100vw, 300px\" \/><\/a><figcaption id=\"caption-attachment-3754\" class=\"wp-caption-text\">La parroquia de San Andr\u00e9s tambi\u00e9n honr\u00f3 a la Virgen. Ciudadrodrigo.net<\/figcaption><\/figure>\n<p><span style=\"color: #3366ff; font-size: 14pt;\"><strong>Ra\u00fal Berzosa: \u00abCon ella, como Madre, superaremos hasta las fatigas del coraz\u00f3n y las noches oscuras de la fe\u201d<\/strong> <\/span><\/p>\n<p>Muy querido P. Angel y padres dominicos, queridos todos, los serranos de esta comarca y los allegados, sobre todo, los de Salamanca y Ciudad Rodrigo:<\/p>\n<p>\u00a1Feliz cumplea\u00f1os a todos!\u00a0 Como ya me he expresado en alguna otra ocasi\u00f3n, este d\u00eda es para nosotros, como el cumplea\u00f1os comunitario al celebrar la fiesta de nuestra Madre, la Virgen de la Pe\u00f1a de Francia. Y, cuando en familia, nos reunimos a festejar el cumplea\u00f1os de una madre, en el coraz\u00f3n de los hijos siempre hay dos preguntas: \u201c\u00bfC\u00f3mo es nuestra Madre?&#8230; Y, \u00bfqu\u00e9 nos pide hasta el pr\u00f3ximo a\u00f1o que nos juntemos a celebrar dicho cumplea\u00f1os?\u00bb<\/p>\n<p>\u00bfQui\u00e9n es Nuestra Se\u00f1ora de la Pe\u00f1a de Francia?&#8230; Os confieso que, a ra\u00edz de la publicaci\u00f3n del libro \u201cLa Monta\u00f1a dorada\u201d, del escritor Ra\u00fal Rentero Mateos, me puse a investigar sobre la historia de esta imagen y de este santuario. Brevemente, os regalo algo de lo que descubr\u00ed y, que sin duda, ya sab\u00e9is la mayor\u00eda de los presentes. Nos har\u00e1 bien recordarlo.<\/p>\n<p>Todo comienza, m\u00e1s o menos, en el a\u00f1o 751: Muza Ben Nuzair, jefe de los Omeya, invade estos territorios serranos con un potente ej\u00e9rcito \u00e1rabe. Los cristianos, entierran sus im\u00e1genes en esta monta\u00f1a para no ser destruidas ni profanadas. Entre estas im\u00e1genes, \u00a0la de Virgen.<\/p>\n<p>El siguiente cap\u00edtulo nos lleva a Par\u00eds. Hacia el a\u00f1o 1418, Sim\u00f3n Roland, un joven arrepentido de su vida pasada y en busca del verdadero amor, tras una confesi\u00f3n de toda su vida, emprende el camino de Santiago para encontrar sentido a su nueva existencia.<!--more--><\/p>\n<p>En el a\u00f1o 1424, en Sequeros, una joven llamada Juana Hern\u00e1ndez, apodada m\u00e1s tarde la Profetisa, resucita de su ata\u00fad y pre-anuncia lo que va a acontecer en estas tierras:<\/p>\n<p>Primero, pide conversi\u00f3n a todos, devolver lo robado, caminar con pureza de coraz\u00f3n y, sobre todo, volver el rostro hacia la Pe\u00f1a de Francia y rezar a una Virgen que estaba all\u00ed escondida desde hac\u00eda m\u00e1s de doscientos a\u00f1os. Ella har\u00e1 muchos milagros. Ser\u00e1 descubierta por un hombre de buena vida. En dicho lugar se edificar\u00e1 un convento de padres predicadores. Y, en el futuro, peregrinar\u00e1n muchas gentes de extra\u00f1as tierras y naciones.<\/p>\n<p>Volvemos al franc\u00e9s Sim\u00f3n Roland, quien en 1427, escucha en el mercado de salamanca hablar de la Pe\u00f1a de Francia a unos carboneros. Intuye que all\u00ed va a encontrar el amor de su vida que estaba buscando\u2026<\/p>\n<p>En el a\u00f1o 1428, Sim\u00f3n Roland revela a varias personas que constantemente escucha una voz interior que le dice: \u201cVela, Sim\u00f3n, vela, y no duermas, y todos los secretos te ser\u00e1n desvelados\u201d.<\/p>\n<p>En 1430, Sim\u00f3n Roland parece contemplar la Pe\u00f1a de Francia como si fuese toda ella una monta\u00f1a dorada y sigue escuchando: \u201cVela, Sim\u00f3n, Vela y no duermas\u201d\u2026<\/p>\n<p>El 5 de enero de 1433, Sim\u00f3n Roland cree ver una gran bola de fuego que se extiende desde Ciudad Rodrigo hasta la Pe\u00f1a de Francia, al estilo de la estrella de los Reyes Magos de Oriente. Decide subir a la Pe\u00f1a de Francia.<\/p>\n<p>El 19 mayo de 1434 se obra el gran milagro: Sim\u00f3n Roland va a encontrar la imagen de la Virgen, tras una noche de tormenta y rel\u00e1mpagos, y con heridas de sangre en la cabeza. A consecuencia de varios golpes, perdi\u00f3 el conocimiento y, al despertar de nuevo, escuch\u00f3 por tres veces una voz de mujer: \u201cSim\u00f3n, Sim\u00f3n, Sim\u00f3n\u201d\u2026 La respuesta de Sim\u00f3n: \u201cHeme aqu\u00ed\u201d\u2026 Justamente donde hab\u00eda regado el suelo con la sangre de su cabeza, descubre, enterrada entre rocas, una imagen de la Virgen, muy austera, de color negro y no de mucha altura.<\/p>\n<p>La dej\u00f3 en el lugar, e inmediatamente lo puso en conocimiento del notario y escribano de San Mart\u00edn del Casta\u00f1ar. Varios testigos subieron a la Pe\u00f1a y, en ellos, se obraron diversos milagros, como consta en las actas notariales. As\u00ed, el propio Sim\u00f3n qued\u00f3 curado de las herida de su cabeza, con solo tocar la imagen; Pascual S\u00e1nchez \u00a0se libr\u00f3 de un fuerte dolor de muelas; Juan Hern\u00e1ndez de un dolor cr\u00f3nico de est\u00f3mago; Benito S\u00e1nchez recuper\u00f3 la movilidad de un dedo atrofiado desde su nacimiento. Ant\u00f3n Hern\u00e1ndez, casi sordomudo, quedo liberado de o\u00eddo y lengua. Reinaba entonces Juan II, era Papa Eugenio IV, y Obispo de Ciudad Rodrigo, Alonso S\u00e1nchez de Valladolid.<\/p>\n<p>Al d\u00eda siguiente del descubrimiento, 20 mayo de 1434, se coloc\u00f3 la primera piedra arrastrada por un buey, propiedad de Santos Hern\u00e1ndez, padre de la profesita Juana de Sequeros.<\/p>\n<p>El 19 noviembre del a\u00f1o 1436, el rey Juan II concede levantar all\u00ed un convento a la orden dominica. Y el 11 junio de 1437, cinco dominicos asumen el servicio de la Pe\u00f1a de Francia.<\/p>\n<p>El 10 octubre 1437 ya hab\u00eda culto en la ermita con cierta normalidad. Curiosamente, el plano del conjunto del santuario recordaba la constelaci\u00f3n de estrellas de la Osa Menor celeste. En este mismo a\u00f1o, 1437, muere Sim\u00f3n Vela, seguramente de infarto, mientras iba de camino hacia Lera, por la senda de los Castillejos.<\/p>\n<p>A partir de este momento, aparecen otras im\u00e1genes, como tambi\u00e9n hab\u00eda anunciado Sim\u00f3n Vela: as\u00ed, el 29 julio de 1439, unos canteros descubren la imagen del Ap\u00f3stol Santiago. El 9 agosto de 1440, aparece una imagen del ap\u00f3stol San Andr\u00e9s. El 20 abril de 1446 se descubre \u00a0la imagen del Santo Cristo. Y, seg\u00fan la profec\u00eda de Sim\u00f3n Vela, faltan todav\u00eda por desvelarse la imagen de Santa Catalina y el descubrimiento de una campana.<\/p>\n<p>En el a\u00f1o 1495, se levanta el rollo de piedra, como concesi\u00f3n del rey Carlos V, para recordar que, desde 1445, este santuario mariano goza del privilegio de exenci\u00f3n jur\u00eddica, otorgado por Juan II.<\/p>\n<p>En cuanto a los Padres Dominicos, encargados de atender el santuario mariano, en 1480, levantaron un peque\u00f1o convento en Puebla de Yeltes, para vivir durante el fr\u00edo invierno. M\u00e1s tarde, en 1516, los dominicos levantan otro convento en El Ma\u00edllo, donde se refugiaban desde el d\u00eda de todos los Santos, coincidiendo con las primeras nevadas.<\/p>\n<p>Volviendo al Santuario, \u00e9ste se vi\u00f3 afectado el 1 de noviembre de 1755 por el famoso terremoto de Lisboa. El 13 de enero de 1810 fue saqueado\u00a0 por las tropas francesas.<\/p>\n<p>En Enero de 1823, el p\u00e1rroco de Mogarraz, y otros vecinos, toman a la fuerza la imagen de la Virgen y, tras casi una guerra civil entre pueblos serranos, la devuelven al santuario.<\/p>\n<p>En 1835, estuvo a punto de destruirse todo por las leyes de la desamortizaci\u00f3n eclesi\u00e1stica de Mendizabal. En ese mismo a\u00f1o de 1835, el d\u00eda 14\u00a0 de septiembre, el p\u00e1rroco de Sequeros, y otros vecinos, se llevan la imagen de la Virgen y los restos de Sim\u00f3n Vela, que son depositados en la Iglesia del Robledo, al lado de la profetisa Juana.<\/p>\n<p>En 1855, las autoridades eclesi\u00e1sticas conceden a la Alberca la custodia de la imagen, pero ante las quejas de los pueblos circundantes, se devuelve otra vez a su santuario y es custodiada por varios sacerdotes seculares.<\/p>\n<p>En 1872 se roba de nuevo la imagen, y 17 a\u00f1os m\u00e1s tarde, el 18 de diciembre de 1889, es devuelta bajo secreto de confesi\u00f3n, en Salamanca, y en muy mal estado de conservaci\u00f3n.<\/p>\n<p>El 6 de Septiembre de 1890, se entroniza una nueva imagen, obra del escultor Jos\u00e9 de Alcoberro y, en su interior, se depositan los restos de la primitiva.<\/p>\n<p>El 15 de julio 1900, regresan los dominicos al santuario. El padre C\u00e1mara, entonces obispo de Salamanca, entrega a los dominicos de San Esteban la administraci\u00f3n de dicho santuario.<\/p>\n<p>En 1934, Mauricio Legendre, destacado intelectual franc\u00e9s, organiza una gran peregrinaci\u00f3n al santuario.<\/p>\n<p>Es muy importante, ya en nuestros d\u00edas, se\u00f1alar dos d\u00e9cadas de 1944 a 1964, en las que el Padre Constantino Mart\u00ednez Uriarte se encarga de restaurar material y espiritualmente el santuario. Recorri\u00f3 todos los pueblos de la comarca, llevando en peregrinaci\u00f3n a la Virgen. Muri\u00f3 en 1991, tras 64 de profesi\u00f3n religiosa y 55 de sacerdocio. El campo de San Andr\u00e9s se convirti\u00f3 tres veces en plaza de toros para sacar fondos. All\u00ed torearon El Jumillano y Victoriano Posadas, entre otros.<\/p>\n<p>En 1952, en la plaza mayor de Salamanca, el cardenal Tedeschini, legado pontificio de Pio XII, corona solemnemente a la Virgen de la Pe\u00f1a de Francia y, desde entonces, se la honra como patrona de Castilla y Le\u00f3n. Es patrona, adem\u00e1s, de la provincia de Salamanca, desde 1966. Su devoci\u00f3n se extendi\u00f3 a Filipinas, en donde es patrona de la regi\u00f3n de Bicolandia, y en Latinoam\u00e9rica, es patrona de Sao Paulo, Itapira y Resende Costa en Brasil.<\/p>\n<p>El Santuario, fue declarado bien de inter\u00e9s cultural en 1956, y desde el 20 julio de 1958, seg\u00fan las nuevas delimitaciones diocesanas, pertenece a la di\u00f3cesis de salamanca. En este a\u00f1o, del 2015, celebramos en Ciudad Rodrigo, el XXV aniversario de la Cofrad\u00eda y hermandad de Nuestra Se\u00f1ora de la Pe\u00f1a de Francia.<\/p>\n<p>Un \u00faltimo apunte literario: nuestra Virgen de La Pe\u00f1a aparece citada en El Quijote y en obra la Gitanillla de Cervantes; tambi\u00e9n en la obra \u201cEl casamiento y la muerte\u201d, de Lope de Vega; y Tirso de Molina compuso la comedia \u201cLa Pe\u00f1a de Francia\u201d, editada en 1635. En ella, se contraponen el amor humano y carnal de D. Enrique hacia la hermana del rey Juan II, y el amor eterno y puro de Sim\u00f3n Roland hacia la Virgen de la Pe\u00f1a de Francia.<\/p>\n<p>Hasta aqu\u00ed, algunos apuntes sobre nuestra Madre. \u201c\u00bfQu\u00e9 nos pide vivir, como hijos, al menos hasta el pr\u00f3ximo a\u00f1o?\u201d&#8230; Me atrevo a se\u00f1alarlo desde lo solicitado por el Papa Francisco, cuando habla de la Virgen, destacando cinco puntos, como cinco dedos de la mano seg\u00fan la exhortaci\u00f3n \u201cEvangelii Gaudium\u201d (nn. 284-287):<\/p>\n<p>1.- Es la Virgen \u201cdel s\u00ed a la vida\u201d. Mar\u00eda es como la tierra buena para la semilla de Dios. Supo transformar una cueva de animales en la casa de Jes\u00fas y la cruz en signo de esperanza. Como La Virgen, tenemos que defender la vida en todas sus formas y manifestaciones: desde el inicio hasta el final.<\/p>\n<p>2.- Es la Virgen de \u201cla Prontitud\u201d para atender a los dem\u00e1s, la que sale y se pone en camino para auxiliar a los dem\u00e1s \u00absin demora\u00bb, como hizo con su prima Isabel \u00a0(Lc1,39).En ella descubrimos que la humildad y la ternura no son virtudes de los d\u00e9biles sino de los fuertes. Tenemos que ser hombres y mujeres de respuestas \u201cprontas\u201d ante las necesidades reales de los dem\u00e1s.<\/p>\n<p>3.- Es la Virgen cercana a los m\u00e1s pobres. Portadora de alegr\u00eda (como en las bodas de Can\u00e1a) y manantial de alegr\u00eda para los m\u00e1s necesitados. Como ella, tenemos que pone calor y color de hogar entre los m\u00e1s d\u00e9biles y ayudar a b\u00fascar la justicia y la paz humanas.<\/p>\n<p>&nbsp;<\/p>\n<p>4.- Es la Virgen llena de Esp\u00edritu para contemplar las cosas desde Dios y saber cantar las cosas de Dios. La que conserv\u00f3 cuidadosamente \u00abtodas las cosas de Dios medit\u00e1ndolas en su coraz\u00f3n\u00bb (Lc 2,19). Se nos invita tambi\u00e9n a nosotros a contemplar todo con los ojos de Jes\u00fas, sentir con su coraz\u00f3n y hacer con sus manos, como Mar\u00eda Virgen.<\/p>\n<p>5.- Es, finalmente, La Virgen que acoge a los ap\u00f3stoles y es audaz para abrir nuevos caminos de evangelizaci\u00f3n. Ella, como estrella de la Nueva Evangelizaci\u00f3n, se dej\u00f3 conducir por el Esp\u00edritu Santo. Con ella, como Madre, superaremos hasta \u201clas fatigas del coraz\u00f3n y las noches oscuras de la fe\u201d .<\/p>\n<p>En resumen, esta din\u00e1mica de la Virgen, de amor y de ternura, de contemplar y caminar hacia los dem\u00e1s, es lo que hace de ella un modelo para la evangelizaci\u00f3n de hoy. Rogamos que, con su intercesi\u00f3n maternal, y con la luz y la fuerza del Esp\u00edritu Santo, nos ayude para que la Iglesia llegue a ser una casa para muchos, una madre para todos los pueblos, y haga posible el nacimiento de un mundo nuevo, m\u00e1s fraterno y m\u00e1s humano, como Dios mismo lo so\u00f1\u00f3. Pedimos su bendici\u00f3n maternal para todos los habitantes de esta comarca y para todos los presentes, especialmente para nuestros enfermos y m\u00e1s necesitados.<\/p>\n<p>+ Ra\u00fal, obispo de Ciudad Rodrigo<\/p>\n","protected":false},"excerpt":{"rendered":"<p>Ra\u00fal Berzosa: \u00abCon ella, como Madre, superaremos hasta las fatigas del coraz\u00f3n y las noches oscuras de la fe\u201d Muy querido P. Angel y padres dominicos, queridos todos, los serranos de esta comarca y los allegados, sobre todo, los de Salamanca y Ciudad Rodrigo: \u00a1Feliz cumplea\u00f1os a todos!\u00a0 Como ya me he expresado en alguna &#8230; <a title=\"Virgen de la Pe\u00f1a de Francia\" class=\"read-more\" href=\"https:\/\/www.diocesisciudadrodrigo.org\/blog3\/virgen-de-la-pena-de-francia\/\" aria-label=\"M\u00e1s en Virgen de la Pe\u00f1a de Francia\">Leer m\u00e1s<\/a><\/p>\n","protected":false},"author":4,"featured_media":0,"comment_status":"closed","ping_status":"closed","sticky":false,"template":"","format":"standard","meta":[],"categories":[63],"tags":[],"_links":{"self":[{"href":"https:\/\/www.diocesisciudadrodrigo.org\/blog3\/wp-json\/wp\/v2\/posts\/3751"}],"collection":[{"href":"https:\/\/www.diocesisciudadrodrigo.org\/blog3\/wp-json\/wp\/v2\/posts"}],"about":[{"href":"https:\/\/www.diocesisciudadrodrigo.org\/blog3\/wp-json\/wp\/v2\/types\/post"}],"author":[{"embeddable":true,"href":"https:\/\/www.diocesisciudadrodrigo.org\/blog3\/wp-json\/wp\/v2\/users\/4"}],"replies":[{"embeddable":true,"href":"https:\/\/www.diocesisciudadrodrigo.org\/blog3\/wp-json\/wp\/v2\/comments?post=3751"}],"version-history":[{"count":4,"href":"https:\/\/www.diocesisciudadrodrigo.org\/blog3\/wp-json\/wp\/v2\/posts\/3751\/revisions"}],"predecessor-version":[{"id":3756,"href":"https:\/\/www.diocesisciudadrodrigo.org\/blog3\/wp-json\/wp\/v2\/posts\/3751\/revisions\/3756"}],"wp:attachment":[{"href":"https:\/\/www.diocesisciudadrodrigo.org\/blog3\/wp-json\/wp\/v2\/media?parent=3751"}],"wp:term":[{"taxonomy":"category","embeddable":true,"href":"https:\/\/www.diocesisciudadrodrigo.org\/blog3\/wp-json\/wp\/v2\/categories?post=3751"},{"taxonomy":"post_tag","embeddable":true,"href":"https:\/\/www.diocesisciudadrodrigo.org\/blog3\/wp-json\/wp\/v2\/tags?post=3751"}],"curies":[{"name":"wp","href":"https:\/\/api.w.org\/{rel}","templated":true}]}}