{"id":3522,"date":"2015-07-02T05:39:02","date_gmt":"2015-07-02T05:39:02","guid":{"rendered":"http:\/\/www.diocesisciudadrodrigo.org\/blog3\/?p=3522"},"modified":"2015-07-02T05:39:45","modified_gmt":"2015-07-02T05:39:45","slug":"encuentro-4","status":"publish","type":"post","link":"https:\/\/www.diocesisciudadrodrigo.org\/blog3\/encuentro-4\/","title":{"rendered":"Encuentro"},"content":{"rendered":"<p><span style=\"color: #3366ff; font-size: 18px;\"><strong><a href=\"http:\/\/www.diocesisciudadrodrigo.org\/blog3\/wp-content\/uploads\/2015\/07\/Cartel.jpg\"><img loading=\"lazy\" class=\"size-full wp-image-3523 alignleft\" alt=\"Cartel\" src=\"http:\/\/www.diocesisciudadrodrigo.org\/blog3\/wp-content\/uploads\/2015\/07\/Cartel.jpg\" width=\"226\" height=\"320\" srcset=\"https:\/\/www.diocesisciudadrodrigo.org\/blog3\/wp-content\/uploads\/2015\/07\/Cartel.jpg 226w, https:\/\/www.diocesisciudadrodrigo.org\/blog3\/wp-content\/uploads\/2015\/07\/Cartel-211x300.jpg 211w\" sizes=\"(max-width: 226px) 100vw, 226px\" \/><\/a>Los j\u00f3venes tienen una cita en \u00c1vila en agosto<\/strong><\/span><\/p>\n<p>Del 5 al 9 de agosto pr\u00f3ximo se va a celebrar en \u00c1vila un Encuentro Europeo de J\u00f3venes que ser\u00e1 uno de los principales actos organizados con motivo del V Centenario del nacimiento de Santa Teresa de Jes\u00fas. Ser\u00e1 una gran reuni\u00f3n que pretende juntar a miles de j\u00f3venes en torno a Cristo, convocados por Santa Teresa de Jes\u00fas para crecer, profundizar y dar testimonio de su fe en el Se\u00f1or y su amor a la Iglesia.<\/p>\n<p>El Secretariado Diocesano para la Adolescencia y la Juventud de nuestra di\u00f3cesis participar\u00e1 en este Encuentro Europeo de J\u00f3venes junto al resto de las di\u00f3cesis de la regi\u00f3n por lo que se invita a participar a todos los j\u00f3venes de la di\u00f3cesis en esta cita.<\/p>\n<p>La edad requerida para participar es entre 14 y 35 a\u00f1os. El precio de la inscripci\u00f3n, en la que est\u00e1 incluida la inscripci\u00f3n, desplazamientos, alojamiento y comidas, es de 120 euros.<\/p>\n<p>Todos los interesados se pueden poner en contacto para obtener m\u00e1s informaci\u00f3n o inscribirse con el sacerdote Roberto Vegas, que es el delegado de Pastoral Juvenil, a trav\u00e9s del correo <a href=\"mailto:rvegasp@gmail.com\">rvegasp@gmail.com<\/a>.<\/p>\n","protected":false},"excerpt":{"rendered":"<p>Los j\u00f3venes tienen una cita en \u00c1vila en agosto Del 5 al 9 de agosto pr\u00f3ximo se va a celebrar en \u00c1vila un Encuentro Europeo de J\u00f3venes que ser\u00e1 uno de los principales actos organizados con motivo del V Centenario del nacimiento de Santa Teresa de Jes\u00fas. Ser\u00e1 una gran reuni\u00f3n que pretende juntar a &#8230; <a title=\"Encuentro\" class=\"read-more\" href=\"https:\/\/www.diocesisciudadrodrigo.org\/blog3\/encuentro-4\/\" aria-label=\"M\u00e1s en Encuentro\">Leer m\u00e1s<\/a><\/p>\n","protected":false},"author":4,"featured_media":0,"comment_status":"closed","ping_status":"closed","sticky":false,"template":"","format":"standard","meta":[],"categories":[3],"tags":[],"_links":{"self":[{"href":"https:\/\/www.diocesisciudadrodrigo.org\/blog3\/wp-json\/wp\/v2\/posts\/3522"}],"collection":[{"href":"https:\/\/www.diocesisciudadrodrigo.org\/blog3\/wp-json\/wp\/v2\/posts"}],"about":[{"href":"https:\/\/www.diocesisciudadrodrigo.org\/blog3\/wp-json\/wp\/v2\/types\/post"}],"author":[{"embeddable":true,"href":"https:\/\/www.diocesisciudadrodrigo.org\/blog3\/wp-json\/wp\/v2\/users\/4"}],"replies":[{"embeddable":true,"href":"https:\/\/www.diocesisciudadrodrigo.org\/blog3\/wp-json\/wp\/v2\/comments?post=3522"}],"version-history":[{"count":2,"href":"https:\/\/www.diocesisciudadrodrigo.org\/blog3\/wp-json\/wp\/v2\/posts\/3522\/revisions"}],"predecessor-version":[{"id":3525,"href":"https:\/\/www.diocesisciudadrodrigo.org\/blog3\/wp-json\/wp\/v2\/posts\/3522\/revisions\/3525"}],"wp:attachment":[{"href":"https:\/\/www.diocesisciudadrodrigo.org\/blog3\/wp-json\/wp\/v2\/media?parent=3522"}],"wp:term":[{"taxonomy":"category","embeddable":true,"href":"https:\/\/www.diocesisciudadrodrigo.org\/blog3\/wp-json\/wp\/v2\/categories?post=3522"},{"taxonomy":"post_tag","embeddable":true,"href":"https:\/\/www.diocesisciudadrodrigo.org\/blog3\/wp-json\/wp\/v2\/tags?post=3522"}],"curies":[{"name":"wp","href":"https:\/\/api.w.org\/{rel}","templated":true}]}}