{"id":3157,"date":"2015-02-15T20:44:53","date_gmt":"2015-02-15T20:44:53","guid":{"rendered":"http:\/\/www.diocesisciudadrodrigo.org\/blog3\/?p=3157"},"modified":"2015-02-15T20:44:53","modified_gmt":"2015-02-15T20:44:53","slug":"jornada-mundial-del-enfermo","status":"publish","type":"post","link":"https:\/\/www.diocesisciudadrodrigo.org\/blog3\/jornada-mundial-del-enfermo\/","title":{"rendered":"Jornada Mundial del Enfermo"},"content":{"rendered":"<p><span style=\"color: #3366ff; font-size: 18px;\"><strong>Ra\u00fal Berzosa: \u00abLa Iglesia, en todo el mundo, est\u00e1 dando ejemplo de lo que nos pide el Papa Francisco\u00bb<\/strong><\/span><\/p>\n<p>Queridos hermanos sacerdotes, queridas consagradas, queridos todos:<\/p>\n<p>Nos ha reunido en este templo un importante evento: la Jornada mundial del Enfermo. El d\u00eda 11 de febrero, memoria de la Virgen de Lourdes, se celebraba la XXIII Jornada Mundial del Enfermo, instituida por San Juan Pablo II, y que este a\u00f1o tiene por lema una expresi\u00f3n del libro de Job: <i>\u201cYo era los ojos del ciego, los pies del cojo\u201d <\/i>. En su mensaje el Papa Francisco nos invitaba a meditar desde la <i>\u201cSapientia cordis\u201d,<\/i> es decir, desde la sabidur\u00eda del coraz\u00f3n. Y, entre otras casas destacaba: <i>\u201cMe gustar\u00eda recordar de nuevo la absoluta prioridad de salir de uno mismo hacia el hermano, como uno de los dos mandamientos principales y como el signo m\u00e1s claro para discernir el crecimiento espiritual en respuesta a la donaci\u00f3n absolutamente gratuita de Dios\u00bb<\/i> . Porque de la misma naturaleza misionera de la iglesia surgen <i>\u00abla caridad efectiva hacia el pr\u00f3jimo y\u00a0 la compasi\u00f3n que comprende, asiste y promueve\u00bb .<\/i><\/p>\n<p>La Iglesia, en todo el mundo, est\u00e1 dando ejemplo de lo que nos pide el Papa Francisco.<i> <\/i>Seg\u00fan los datos del \u00faltimo \u201cAnuario Estad\u00edstico\u201d, publicado por la Agencia Fides, los institutos sanitarios, de asistencia y beneficencia cat\u00f3licos son en total 115.352 y comprenden: 5.167 hospitales, la mayor\u00eda en Am\u00e9rica y \u00c1frica ; 17.322 dispensarios, la mayor parte en \u00c1frica , Am\u00e9rica y Asia ; 648 leproser\u00edas distribuidas principalmente en Asia y \u00c1frica ; 15.699 casas para ancianos, enfermos cr\u00f3nicos y personas con discapacidasd, en su mayor\u00eda en Europa y Am\u00e9rica ; 10.124 orfanatos, principalmente en Asia y Am\u00e9rica ; 11.596 guarder\u00edas, la mayor\u00eda en Am\u00e9rica y Asia ; 14.744 consultores matrimoniales distribuidos en gran parte en Am\u00e9rica y Europa ; 3.663 centros de educaci\u00f3n o reeducaci\u00f3n social y 36.389 instituciones sanitarias y de promoci\u00f3n humana. Y, detr\u00e1s de los n\u00fameros, miles y miles de consagrados y voluntarios y profesionales laicos.<!--more--><\/p>\n<p>Pero no hace falta mirar lejos de nuestras fronteras. Aqu\u00ed mismo, en Lumbrales, las Hermanas Agustinas del Amparo, nos dan ejemplo de lo que es la atenci\u00f3n a los m\u00e1s enfermos y mayores. \u00a1Qu\u00e9 lujo y qu\u00e9 grandeza, aunque a veces no sepamos reconocerlo! \u00a1Gracias, de coraz\u00f3n, hermanas por vuestra entrega y generosidad!<\/p>\n<p>En verdad, en la Iglesia de hoy, se cumple lo que hemos escuchado en las lecturas: como en la primera, tomada del Lev\u00edtivo, no permitiremos que los leprosos, tengan que estar apartados, fuera del campamento; para la Iglesia, todos los enfermos tienen que estar en casas de acogida, de asistencia y de curaci\u00f3n, con atenci\u00f3n digna y humana. Con el Salmo 31, hemos repetido que el \u201cSe\u00f1or es nuestro refugio\u201d y, por eso tenemos que ser refugio y auxilio de los m\u00e1s necesitados. Por eso, el Ap\u00f3stol San Pablo, en su Carta a los Corintios, nos ped\u00eda que sigui\u00e9ramos su ejemplo porque \u00e9l, a su vez, segu\u00eda el ejemplo de Cristo. \u00bfQu\u00e9 hizo Cristo?&#8230; \u2013 Principalmente, lo que nos muestra el Evangelio de hoy: curar a los enfermos y estar cerca de los m\u00e1s necesitados. Que el Esp\u00edritu Santo que, transformar\u00e1 el pan y el vino en el Cuerpo y Sangre del Se\u00f1or, nos ayude en la dura tarea de acompa\u00f1ar a nuestros enfermos d\u00eda y noche y que Mar\u00eda, fuente de Salud, sea nuestro modelo.<\/p>\n<p>Gracias a todos cuantos hab\u00e9is participado en los actos organizados por la Delegaci\u00f3n de Pastoral de la Salud. Gracias especiales a D. Isidoro y a su equipo.<\/p>\n<p>&nbsp;<\/p>\n<p>+ Ra\u00fal, Obispo de Ciudad Rodrigo<\/p>\n<p>&nbsp;<\/p>\n","protected":false},"excerpt":{"rendered":"<p>Ra\u00fal Berzosa: \u00abLa Iglesia, en todo el mundo, est\u00e1 dando ejemplo de lo que nos pide el Papa Francisco\u00bb Queridos hermanos sacerdotes, queridas consagradas, queridos todos: Nos ha reunido en este templo un importante evento: la Jornada mundial del Enfermo. El d\u00eda 11 de febrero, memoria de la Virgen de Lourdes, se celebraba la XXIII &#8230; <a title=\"Jornada Mundial del Enfermo\" class=\"read-more\" href=\"https:\/\/www.diocesisciudadrodrigo.org\/blog3\/jornada-mundial-del-enfermo\/\" aria-label=\"M\u00e1s en Jornada Mundial del Enfermo\">Leer m\u00e1s<\/a><\/p>\n","protected":false},"author":4,"featured_media":0,"comment_status":"closed","ping_status":"closed","sticky":false,"template":"","format":"standard","meta":[],"categories":[63],"tags":[],"_links":{"self":[{"href":"https:\/\/www.diocesisciudadrodrigo.org\/blog3\/wp-json\/wp\/v2\/posts\/3157"}],"collection":[{"href":"https:\/\/www.diocesisciudadrodrigo.org\/blog3\/wp-json\/wp\/v2\/posts"}],"about":[{"href":"https:\/\/www.diocesisciudadrodrigo.org\/blog3\/wp-json\/wp\/v2\/types\/post"}],"author":[{"embeddable":true,"href":"https:\/\/www.diocesisciudadrodrigo.org\/blog3\/wp-json\/wp\/v2\/users\/4"}],"replies":[{"embeddable":true,"href":"https:\/\/www.diocesisciudadrodrigo.org\/blog3\/wp-json\/wp\/v2\/comments?post=3157"}],"version-history":[{"count":1,"href":"https:\/\/www.diocesisciudadrodrigo.org\/blog3\/wp-json\/wp\/v2\/posts\/3157\/revisions"}],"predecessor-version":[{"id":3158,"href":"https:\/\/www.diocesisciudadrodrigo.org\/blog3\/wp-json\/wp\/v2\/posts\/3157\/revisions\/3158"}],"wp:attachment":[{"href":"https:\/\/www.diocesisciudadrodrigo.org\/blog3\/wp-json\/wp\/v2\/media?parent=3157"}],"wp:term":[{"taxonomy":"category","embeddable":true,"href":"https:\/\/www.diocesisciudadrodrigo.org\/blog3\/wp-json\/wp\/v2\/categories?post=3157"},{"taxonomy":"post_tag","embeddable":true,"href":"https:\/\/www.diocesisciudadrodrigo.org\/blog3\/wp-json\/wp\/v2\/tags?post=3157"}],"curies":[{"name":"wp","href":"https:\/\/api.w.org\/{rel}","templated":true}]}}