{"id":3125,"date":"2015-02-03T16:03:46","date_gmt":"2015-02-03T16:03:46","guid":{"rendered":"http:\/\/www.diocesisciudadrodrigo.org\/blog3\/?p=3125"},"modified":"2015-02-03T16:07:08","modified_gmt":"2015-02-03T16:07:08","slug":"san-blas","status":"publish","type":"post","link":"https:\/\/www.diocesisciudadrodrigo.org\/blog3\/san-blas\/","title":{"rendered":"Festividad de San Blas"},"content":{"rendered":"<p style=\"text-align: center;\"><a href=\"http:\/\/www.diocesisciudadrodrigo.org\/blog3\/wp-content\/uploads\/2015\/02\/DSC_0227.jpg\"><img loading=\"lazy\" class=\" wp-image-3126 aligncenter\" alt=\"DSC_0227\" src=\"http:\/\/www.diocesisciudadrodrigo.org\/blog3\/wp-content\/uploads\/2015\/02\/DSC_0227-800x533.jpg\" width=\"560\" height=\"373\" srcset=\"https:\/\/www.diocesisciudadrodrigo.org\/blog3\/wp-content\/uploads\/2015\/02\/DSC_0227-800x533.jpg 800w, https:\/\/www.diocesisciudadrodrigo.org\/blog3\/wp-content\/uploads\/2015\/02\/DSC_0227-300x200.jpg 300w\" sizes=\"(max-width: 560px) 100vw, 560px\" \/><\/a><span style=\"color: #3366ff; font-size: 18px;\"><strong>Ra\u00fal Berzosa: \u00ab<em>T<\/em><i>ener una garganta sana<\/i> no en sentido f\u00edsico, sino simb\u00f3lico, equivale a decir las cosas con claridad y valent\u00eda, siendo profetas, como el Papa Francisco lo viene haciendo\u00bb<\/strong><\/span><\/p>\n<p style=\"text-align: center;\">Queridos hermanos sacerdotes, queridos cofrades, queridos todos:<\/p>\n<p>\u00a0\u00a0\u00a0\u00a0\u00a0\u00a0\u00a0 Nos volvemos a encontrar para celebrar la memoria de San Blas. Como es costumbre, comenzamos resumiendo algo de lo m\u00e1s destacado de su vida.<\/p>\n<p>Seg\u00fan la tradici\u00f3n, Blas de Sebaste era conocido por su don de curaci\u00f3n milagrosa, que aplicaba tanto a personas como a animales. Salv\u00f3 la vida de un ni\u00f1o que se ahogaba al trab\u00e1rsele en la garganta una espina de pescado. Este ser\u00eda el origen de la costumbre de bendecir las gargantas el d\u00eda de su fiesta el 3 de febrero. Se le acercaban tambi\u00e9n los animales enfermos para que les curase, pero en cambio no le molestaban durante su tiempo de oraci\u00f3n.<\/p>\n<p>Cuando lleg\u00f3 a Sebaste la persecuci\u00f3n de Agr\u00edcola, gobernador de <a title=\"Capadocia\" href=\"http:\/\/es.wikipedia.org\/wiki\/Capadocia\">Capadocia<\/a>, contra los cristianos, que fue la \u00faltima <a title=\"Persecuci\u00f3n de los cristianos\" href=\"http:\/\/es.wikipedia.org\/wiki\/Persecuci%C3%B3n_de_los_cristianos\">persecuci\u00f3n romana<\/a>, sus cazadores fueron a buscar animales para los juegos de la arena en el bosque de Argeus y encontraron muchos de ellos esperando fuera de la cueva de san Blas. All\u00ed encontraron a Blas en oraci\u00f3n y le detuvieron.<\/p>\n<p>Agr\u00edcola trat\u00f3 sin \u00e9xito de hacerle renegar de su fe. En la prisi\u00f3n, Blas san\u00f3 a algunos prisioneros. Entonces el gobernador le mand\u00f3 matar y fue arrojado a un lago. Pero Blas, de pie sobre la superficie, como el milagro atribuido tambi\u00e9n a Jesucristo, invit\u00f3 a sus perseguidores a caminar sobre las aguas y as\u00ed demostrar el poder de sus dioses. Pero todos se ahogaron. Cuando volvi\u00f3 a tierra por orden de un <a title=\"\u00c1ngel\" href=\"http:\/\/es.wikipedia.org\/wiki\/%C3%81ngel\">\u00e1ngel<\/a>, fue torturado, siendo colgado de un poste y lacerado con rastrillos de cardar y finalmente decapitado. Su culto se extendi\u00f3 pronto por toda la iglesia. Es costumbre popular invocarle sobre todo para remediar afecciones de la garganta.<!--more--><\/p>\n<p>Hasta aqu\u00ed, algunos datos destacados de su vida. Este a\u00f1o me detengo precisamente en este \u00faltimo aspecto, <i>\u201cel de tener una garganta sana\u201d<\/i>, no en sentido f\u00edsico, sino simb\u00f3lico. Equivale a decir las cosas con claridad y valent\u00eda, siendo profetas, como el Papa Francisco lo viene haciendo. Por eso, como regalo, hasta la pr\u00f3xima celebraci\u00f3n anual, me atrevo a resumir en cinco puntos o cinco im\u00e1genes, como si fueran los cinco dedos de la mano, lo que el Papa Francisco nos pedir\u00eda en este d\u00eda:<\/p>\n<p>Lo primero, que seamos hombres y mujeres <i>\u201cde puertas abiertas\u201d<\/i>, acogedores, misericordiosos. Y, que por lo mismo, salgamos a la calle, a socorrer a los m\u00e1s necesitados. No podemos ser cristianos de sacrist\u00eda ni s\u00f3lo de templo.<\/p>\n<p>En segundo lugar que seamos <i>\u201csanadores, como de un h<\/i><i>ospital de campa\u00f1a\u201d, <\/i>para socorrer las emergencias personales y sociales que papamos a nuestro lado: curar, suturar, vendar las heridas del sufrimiento humano y sanar cicatrices de personas que sufren en su cuerpo o en su esp\u00edritu \u00bfNo es esto lo que hac\u00eda Jes\u00fas por los caminos de Palestina? \u00bfNo es lo que hizo el buen samaritano?&#8230;<\/p>\n<p>En tercer lugar, <i>\u201cque seamos buen perfume para difundir el buen olor del Evangelio\u201d,<\/i> en dos direcciones: por un lado, oliendo a oveja o, en nuestro caso, a morucha, a toro bravo, a cerdo pata negra, porque estamos en medio del pueblo y no en una religi\u00f3n individualista. Y, por otro lado, oliendo al Buen Pastor, a Jesucristo. Queremos ser cristianos que aman apasionadamente a Cristo y, a la vez, a los hermanos.<\/p>\n<p>En cuarto lugar, tenemos que ser <i>\u201cevangelizadores con Esp\u00edritu\u201d,<\/i> como los disc\u00edpulos en Pentecost\u00e9s, valientes y atrevidos para anunciar a Jesucristo y el Evangelio no s\u00f3lo con palabras sino con la vida. Recordamos, una vez m\u00e1s, el consejo de San Francisco a los suyos: \u201c<i>Predicad con el ejemplo y, si despu\u00e9s es necesario, con la Palabra\u201d.<\/i><\/p>\n<p>Y, finalmente, que seamos evangelizadores que \u00a0<i>\u201cno tengamos caras tristes ni de funeral\u201d<\/i>, sino que sepamos transmitir la alegr\u00eda del Evangelio, para dar esperanza y aliento a nuestro alrededor. \u00a1Nadie ni nada puede robarnos la verdadera alegr\u00eda!<\/p>\n<p>Seguimos celebrando la Eucarist\u00eda. Pedimos a San Blas, por medio del Esp\u00edritu Santo, que transformar\u00e1 el pan y el vino en el Cuerpo y Sangre del Se\u00f1or, que nos conceda lo que m\u00e1s necesitemos, personal o comunitariamente, de lo solicitado por el Papa Francisco. As\u00ed sea.<\/p>\n<p>+ Ra\u00fal, Obispo de Ciudad Rodrigo<\/p>\n","protected":false},"excerpt":{"rendered":"<p>Ra\u00fal Berzosa: \u00abTener una garganta sana no en sentido f\u00edsico, sino simb\u00f3lico, equivale a decir las cosas con claridad y valent\u00eda, siendo profetas, como el Papa Francisco lo viene haciendo\u00bb Queridos hermanos sacerdotes, queridos cofrades, queridos todos: \u00a0\u00a0\u00a0\u00a0\u00a0\u00a0\u00a0 Nos volvemos a encontrar para celebrar la memoria de San Blas. Como es costumbre, comenzamos resumiendo algo &#8230; <a title=\"Festividad de San Blas\" class=\"read-more\" href=\"https:\/\/www.diocesisciudadrodrigo.org\/blog3\/san-blas\/\" aria-label=\"M\u00e1s en Festividad de San Blas\">Leer m\u00e1s<\/a><\/p>\n","protected":false},"author":4,"featured_media":0,"comment_status":"closed","ping_status":"closed","sticky":false,"template":"","format":"standard","meta":[],"categories":[63],"tags":[],"_links":{"self":[{"href":"https:\/\/www.diocesisciudadrodrigo.org\/blog3\/wp-json\/wp\/v2\/posts\/3125"}],"collection":[{"href":"https:\/\/www.diocesisciudadrodrigo.org\/blog3\/wp-json\/wp\/v2\/posts"}],"about":[{"href":"https:\/\/www.diocesisciudadrodrigo.org\/blog3\/wp-json\/wp\/v2\/types\/post"}],"author":[{"embeddable":true,"href":"https:\/\/www.diocesisciudadrodrigo.org\/blog3\/wp-json\/wp\/v2\/users\/4"}],"replies":[{"embeddable":true,"href":"https:\/\/www.diocesisciudadrodrigo.org\/blog3\/wp-json\/wp\/v2\/comments?post=3125"}],"version-history":[{"count":2,"href":"https:\/\/www.diocesisciudadrodrigo.org\/blog3\/wp-json\/wp\/v2\/posts\/3125\/revisions"}],"predecessor-version":[{"id":3128,"href":"https:\/\/www.diocesisciudadrodrigo.org\/blog3\/wp-json\/wp\/v2\/posts\/3125\/revisions\/3128"}],"wp:attachment":[{"href":"https:\/\/www.diocesisciudadrodrigo.org\/blog3\/wp-json\/wp\/v2\/media?parent=3125"}],"wp:term":[{"taxonomy":"category","embeddable":true,"href":"https:\/\/www.diocesisciudadrodrigo.org\/blog3\/wp-json\/wp\/v2\/categories?post=3125"},{"taxonomy":"post_tag","embeddable":true,"href":"https:\/\/www.diocesisciudadrodrigo.org\/blog3\/wp-json\/wp\/v2\/tags?post=3125"}],"curies":[{"name":"wp","href":"https:\/\/api.w.org\/{rel}","templated":true}]}}