{"id":3120,"date":"2015-02-02T17:32:04","date_gmt":"2015-02-02T17:32:04","guid":{"rendered":"http:\/\/www.diocesisciudadrodrigo.org\/blog3\/?p=3120"},"modified":"2015-02-02T17:34:08","modified_gmt":"2015-02-02T17:34:08","slug":"dia-de-las-candelas","status":"publish","type":"post","link":"https:\/\/www.diocesisciudadrodrigo.org\/blog3\/dia-de-las-candelas\/","title":{"rendered":"D\u00eda de las Candelas"},"content":{"rendered":"<p><span style=\"color: #3366ff; font-size: 18px;\"><strong><a href=\"http:\/\/www.diocesisciudadrodrigo.org\/blog3\/wp-content\/uploads\/2015\/02\/DSC_0208.jpg\"><img loading=\"lazy\" class=\" wp-image-3121 alignleft\" alt=\"DSC_0208\" src=\"http:\/\/www.diocesisciudadrodrigo.org\/blog3\/wp-content\/uploads\/2015\/02\/DSC_0208-800x533.jpg\" width=\"288\" height=\"192\" srcset=\"https:\/\/www.diocesisciudadrodrigo.org\/blog3\/wp-content\/uploads\/2015\/02\/DSC_0208-800x533.jpg 800w, https:\/\/www.diocesisciudadrodrigo.org\/blog3\/wp-content\/uploads\/2015\/02\/DSC_0208-300x200.jpg 300w\" sizes=\"(max-width: 288px) 100vw, 288px\" \/><\/a>Ra\u00fal Berzosa: \u00a0\u00abQue sepamos avivar nuestro \u201ccarisma fundante\u201d, en fidelidad y creatividad, para responder a los nuevos retos sociales y eclesiales de hoy\u00bb<\/strong><\/span><\/p>\n<p>Queridos hermanos sacerdotes, queridas consagradas de vida activa y contemplativa, queridos todos:<\/p>\n<p>\u00a1Qu\u00e9 alegr\u00eda poder celebrar esta Eucarist\u00eda en el a\u00f1o de la Vida Consagrada y en este templo de las Madres Carmelitas, donde podemos ganar el jubileo en el a\u00f1o de Santa Teresa! \u00a1Gracias, por ser, como reza el lema de esta Jornada, <i>\u201cAmigos fuertes de Dios\u201d,<\/i> como la santa abulense!<\/p>\n<p>Brevemente, voy a resumiros y resfrescaros, como Pastor de esta Di\u00f3cesis, algunos puntos de la Carta del Santo Padre Francisco, escrita con motivo de este importante evento, en el 50 aniversario de la Constituci\u00f3n dogm\u00e1tica <i>Lumen Gentium<\/i> y del Decreto <i>Perfectae caritatis <\/i>sobre la renovaci\u00f3n de la vida religiosa. As\u00ed mismo, puesta la mirada en la Exhortaci\u00f3n postsinodal <i>Vita consecrata,<\/i> en la que se lee: <i>\u00abVosotros no solamente ten\u00e9is una historia gloriosa para recordar y contar, sino una gran historia que construir. Poned los ojos en el futuro, hacia el que el Esp\u00edritu os impulsa para seguir haciendo con vosotros grandes cosas\u00bb <\/i>(n. 110).<\/p>\n<p>El Papa Francisco, resume de esta manera los objetivos de la Vida Consagrada: el primero, <i>mirar al pasado con gratitud.<\/i> Es una manera de tomar conciencia de c\u00f3mo se ha vivido el carisma a trav\u00e9s de los tiempos, de la creatividad que se ha desplegado, y hasta de las dificultades e incoherencias que se han debido afrontar y c\u00f3mo fueron superadas. Este A\u00f1o de la Vida Consagrada debe ser tambi\u00e9n una ocasi\u00f3n para confesar con humildad y gran confianza al Dios amor (cf. 1 Jn 4,8), la propia fragilidad y, a la vez, dar testimonio con gozo de la santidad y vitalidad de nuestras instituciones.<!--more--><\/p>\n<p>En segundo lugar es una <i>llamada a vivir el presente con pasi\u00f3n.<\/i> Hemos de preguntarnos, personalmente y como comunidades: <i>\u201cJes\u00fas, \u00bfes realmente el primero y \u00fanico amor?\u201d<\/i> El A\u00f1o de la Vida Consagrada nos interpela sobre la fidelidad a la consagraci\u00f3n y a la misi\u00f3n confiadas. Vivir el presente con pasi\u00f3n es tambi\u00e9n ser <i>\u00abexpertos en comuni\u00f3n\u00bb<\/i> en una sociedad del enfrentamiento. Hay que vivir la m\u00edstica del encuentro, de la capacidad de escuchar y de buscar juntos el mismo camino.<\/p>\n<p>Finalmente, el tercer objetivo de este A\u00f1o es el de <i>abrazar el futuro con esperanza<\/i>. Una esperanza que no se basa en los n\u00fameros o en las obras, sino en Aquel en quien hemos puesto nuestra confianza (cf. 2 Tm 1,12) y para Quien \u00ab<i>nada es imposible\u00bb<\/i> (Lc 1,37). Esta es la esperanza que no defrauda.<\/p>\n<p>Y, junto a estos tres objetivos principales, el Papa Francisco se\u00f1ala algunas expectativas para el A\u00f1o de la Vida Consagrada, y que hacemos nuestras:<\/p>\n<p>Que sea siempre verdad que Donde hay religiosos hay alegr\u00eda.<\/p>\n<p>Que entre nosotros no se vean caras tristes o personas descontentas porque un seguimiento triste es un triste seguimiento.<\/p>\n<p>Que \u201cdespertemos al mundo\u201d, porque la nota que caracteriza la vida consagrada es la profec\u00eda y la\u00a0 utop\u00eda.<\/p>\n<p>Que seamos en la \u201cespiritualidad de comuni\u00f3n\u201d. La vida consagrada est\u00e1 llamada a buscar una sincera sinergia o complementariedad entre todas las vocaciones en la Iglesia, y tambi\u00e9n con los presb\u00edteros y los laicos. Sin olvidar lo primero: la comuni\u00f3n entre los propios religiosos.<\/p>\n<p>Que salgamos de nosotros mismos para ir a las periferias existenciales y geogr\u00e1ficas.<\/p>\n<p>Que nos preguntemos sobre lo que Dios y la humanidad de hoy piden de nosotros. S\u00f3lo desde esta atenci\u00f3n a las necesidades del mundo, y con la docilidad al Esp\u00edritu Santo, este A\u00f1o de la Vida Consagrada se transformar\u00e1 en un aut\u00e9ntico <i>kair\u00f2s,<\/i> un tiempo de Dios lleno de gracia y de renovaci\u00f3n.<\/p>\n<p>&nbsp;<\/p>\n<p>Y, me atrevo a a\u00f1adir como Pastor de esta querida Di\u00f3cesis: que sepamos avivar nuestro \u201ccarisma fundante\u201d, en fidelidad y creatividad, para responder a los nuevos retos sociales y eclesiales de hoy.<\/p>\n<p>Todo esto espera el Papa Francisco de nosotros, los consagrados, y de los laicos que comparten nuestros carismas, nuestros ideales, y nuestro esp\u00edritu y misi\u00f3n.<\/p>\n<p>Y, como no pod\u00eda ser de otra manera, el Papa Francisco pide a todo el pueblo cristiano, que tome conciencia cada vez m\u00e1s del don y de la gracia de los consagrados: \u00bfQu\u00e9 ser\u00eda la Iglesia sin san Benito o san Basilio, san Agust\u00edn o san Bernardo, san Francisco o santo Domingo, san Ignacio de Loyola o santa Teresa de \u00c1vila, san Juan de la Cruz o san Vicente de Pa\u00fal, san Juan Bosco o Teresa de Calcuta, o sin todas y cada una de nuestras fundadoras y fundadores de las casas e instituciones con presencia en nuestra Di\u00f3cesis?&#8230;<\/p>\n<p>El Papa bendice la feliz coincidencia del A\u00f1o de la Vida Consagrada con el S\u00ednodo sobre la familia y, en Espa\u00f1a, con el a\u00f10 jubilar teresiano; porque la familia y la vida consagrada se pueden ayudar y complementar mutuamente.<\/p>\n<p>Finalmente, el Papa Francisco, y lo tomo muy en serio, nos invita a los Obispos a una solicitud especial para promover los distintos carismas y vocaciones, sosteniendo, animando, y ayudando en el discernimiento.<\/p>\n<p>Como el Papa, nos encomendamos a Mar\u00eda, la Virgen de la escucha y de la contemplaci\u00f3n, la primera disc\u00edpula de su amado Hijo y modelo de entrega a los dem\u00e1s. Que el Padre de todos los dones suscite nuevas y santas vocaciones a la vida consagrada; que el\u00a0 Esp\u00edritu Santo sostenga la fidelidad de las que ya sois consagradas; y que Jesucristo nos enamore cada d\u00eda m\u00e1s a todos para poder vivir la consagraci\u00f3n como dimensi\u00f3n esponsal, de \u201centrega y expropiaci\u00f3n de vida\u201d, y de actitud samaritana, para ayudar a los m\u00e1s necesitados. \u00a1Gracias, queridas consagradas, por vuestra generosidad y amor a nuestra Di\u00f3cesis!<\/p>\n<p>+ Ra\u00fal, Obispo de Ciudad Rodrigo<\/p>\n","protected":false},"excerpt":{"rendered":"<p>Ra\u00fal Berzosa: \u00a0\u00abQue sepamos avivar nuestro \u201ccarisma fundante\u201d, en fidelidad y creatividad, para responder a los nuevos retos sociales y eclesiales de hoy\u00bb Queridos hermanos sacerdotes, queridas consagradas de vida activa y contemplativa, queridos todos: \u00a1Qu\u00e9 alegr\u00eda poder celebrar esta Eucarist\u00eda en el a\u00f1o de la Vida Consagrada y en este templo de las Madres &#8230; <a title=\"D\u00eda de las Candelas\" class=\"read-more\" href=\"https:\/\/www.diocesisciudadrodrigo.org\/blog3\/dia-de-las-candelas\/\" aria-label=\"M\u00e1s en D\u00eda de las Candelas\">Leer m\u00e1s<\/a><\/p>\n","protected":false},"author":4,"featured_media":0,"comment_status":"closed","ping_status":"closed","sticky":false,"template":"","format":"standard","meta":[],"categories":[63],"tags":[],"_links":{"self":[{"href":"https:\/\/www.diocesisciudadrodrigo.org\/blog3\/wp-json\/wp\/v2\/posts\/3120"}],"collection":[{"href":"https:\/\/www.diocesisciudadrodrigo.org\/blog3\/wp-json\/wp\/v2\/posts"}],"about":[{"href":"https:\/\/www.diocesisciudadrodrigo.org\/blog3\/wp-json\/wp\/v2\/types\/post"}],"author":[{"embeddable":true,"href":"https:\/\/www.diocesisciudadrodrigo.org\/blog3\/wp-json\/wp\/v2\/users\/4"}],"replies":[{"embeddable":true,"href":"https:\/\/www.diocesisciudadrodrigo.org\/blog3\/wp-json\/wp\/v2\/comments?post=3120"}],"version-history":[{"count":3,"href":"https:\/\/www.diocesisciudadrodrigo.org\/blog3\/wp-json\/wp\/v2\/posts\/3120\/revisions"}],"predecessor-version":[{"id":3124,"href":"https:\/\/www.diocesisciudadrodrigo.org\/blog3\/wp-json\/wp\/v2\/posts\/3120\/revisions\/3124"}],"wp:attachment":[{"href":"https:\/\/www.diocesisciudadrodrigo.org\/blog3\/wp-json\/wp\/v2\/media?parent=3120"}],"wp:term":[{"taxonomy":"category","embeddable":true,"href":"https:\/\/www.diocesisciudadrodrigo.org\/blog3\/wp-json\/wp\/v2\/categories?post=3120"},{"taxonomy":"post_tag","embeddable":true,"href":"https:\/\/www.diocesisciudadrodrigo.org\/blog3\/wp-json\/wp\/v2\/tags?post=3120"}],"curies":[{"name":"wp","href":"https:\/\/api.w.org\/{rel}","templated":true}]}}