{"id":2768,"date":"2014-09-27T19:08:04","date_gmt":"2014-09-27T19:08:04","guid":{"rendered":"http:\/\/www.diocesisciudadrodrigo.org\/blog3\/?p=2768"},"modified":"2014-09-27T19:08:04","modified_gmt":"2014-09-27T19:08:04","slug":"curso-2014-2015-2","status":"publish","type":"post","link":"https:\/\/www.diocesisciudadrodrigo.org\/blog3\/curso-2014-2015-2\/","title":{"rendered":"Curso 2014-2015"},"content":{"rendered":"<p style=\"text-align: center;\"><a href=\"http:\/\/www.diocesisciudadrodrigo.org\/blog3\/wp-content\/uploads\/2014\/09\/DSC_0641.jpg\"><img loading=\"lazy\" class=\" wp-image-2769 aligncenter\" alt=\"DSC_0641\" src=\"http:\/\/www.diocesisciudadrodrigo.org\/blog3\/wp-content\/uploads\/2014\/09\/DSC_0641-800x533.jpg\" width=\"504\" height=\"336\" srcset=\"https:\/\/www.diocesisciudadrodrigo.org\/blog3\/wp-content\/uploads\/2014\/09\/DSC_0641-800x533.jpg 800w, https:\/\/www.diocesisciudadrodrigo.org\/blog3\/wp-content\/uploads\/2014\/09\/DSC_0641-300x200.jpg 300w\" sizes=\"(max-width: 504px) 100vw, 504px\" \/><\/a><\/p>\n<p><strong><span style=\"color: #3366ff; font-size: 18px;\">Ra\u00fal Berzosa: \u00abS\u00f3lo el que ha tenido experiencia de Dios puede hablar de Dios\u00bb<\/span><\/strong><\/p>\n<p>&nbsp;<\/p>\n<p>Muy<b> <\/b>queridos hermanos sacerdotes, muy queridas consagradas, muy queridos todos:<\/p>\n<p>Os hablo todav\u00eda bajo el impacto vivido en Monterrey (Mexico) durante la semana pasada. Un Retiro para m\u00e1s de m\u00e1s de 900 sacerdotes, por un lado y, otro, para m\u00e1s de 500 laicos. Con un denominador com\u00fan: la conversi\u00f3n sincera a nuestro Se\u00f1or Jesucristo. He sido testigos de verdaderas y profundas conversiones de vida, especialmente entre los sacerdotes, y de la presencia viva de Jesucristo y de su Esp\u00edritu, en una Iglesia joven y misionera.<\/p>\n<p>Si me lo permit\u00eds, doy gracias esepcialmente a Dios por haber conocido al obispo agustino, Mons. D. Jos\u00e9 Azcona, sirviendo en una Prelatura territorial brasile\u00f1a, en plena selva Amaz\u00f3nica. Amenazado de muerte, desde hace a\u00f1os,\u00a0 por denunciar a los traficantes de mujeres. Con sus 74 a\u00f1os, es un testigo coherente y apasionado de Jesucristo. En resumen, he vuelto a revivir la catolicidad y la presencia de hombres y mujeres llenos de eso que la Palabra de Dios denomina como \u201c<i>parres\u00eda\u201d <\/i>o la valent\u00eda apost\u00f3lica de vida y de predicaci\u00f3n, que sigue regalando el Esp\u00edritu Santo.<\/p>\n<p>Nos situamos aqu\u00ed y ahora. Comenzamos un curso pastoral nuevo, dentro de la post-asamblea diocesana, y marcado por el mensaje de <i>Evangelii Gaudium <\/i>del Papa Francisco, como os he recordado hace algunos momentos en el Hospital de la Pasi\u00f3n. Por eso me permito ser breve en este s\u00e1bado,\u00a0 en el que la Iglesia celebra la memoria de San Vicente de Paul. Felicidades, hijas de la Caridad por tanto bien como hac\u00e9is a nuestra Di\u00f3cesis.<!--more--><\/p>\n<p>Nos centramos en las lecturas de hoy. De la primera, tomada del libro del Esclesiast\u00e9s, me detengo en los siguientes vers\u00edculos: <i>\u201cAl\u00e9grate, joven, durante tu juventud, disfruta de coraz\u00f3n tus a\u00f1os j\u00f3venes. Sigue el camino que te indique el coraz\u00f3n\u2026 pero no olvides que de todo ello te pedir\u00e1 cuenta el Se\u00f1or\u201d.<\/i> Hermanos y hermanas: la Asamblea Diocesana ha querido ser, con la fuerza del Esp\u00edritu, como un rejuvenecer de nuestra Iglesia. Hemos gozado y disfrutado de la gozosa novedad de convivir en comuni\u00f3n fraterna y de recobrar nuevos alientos para la misi\u00f3n. Pero no olvid\u00e1bamos que el Se\u00f1or nos pedir\u00eda cuentas; es decir, que lo que hemos vivido no es s\u00f3lo ni principalmente para nosotros. La comuni\u00f3n era para la evangelizaci\u00f3n; o, con palabras del Papa Francisco, quer\u00edamos una comuni\u00f3n misionera. No va a ser f\u00e1cil.<\/p>\n<p>El Evangelio nos lo advert\u00eda: <i>\u201cas\u00ed como el Hijo del Hombre ser\u00e1 entregado en manos de los hombres y le maltratar\u00e1n\u201d,<\/i> as\u00ed nosotros, los evangelizadores, estaremos a merced de aquello que la providencia nos depare en este <i>kair\u00f3s<\/i> (tiempo de gracia) que nos ha tocado vivir. No son momentos f\u00e1ciles ni para los profesores de Ense\u00f1anza Religiosa Escolar ni para los Catequistas y los Agentes de Liturgia y Pastoral ni para los Voluntarios de la Pastoral de la Caridad, a quienes hoy entregaremos, simb\u00f3licamente,\u00a0 la \u201cmissio\u201d, el rito \u201cdel env\u00edo\u201d. El papa Francisco lo viene advirtiendo con claridad en sus palabras y en sus escritos: <i>\u201cLa l\u00f3gica de la cruz y la cruz son necesarias. La fecundidad del evangelio no puede ser ni el \u00e9xito ni el fracaso. Cuando caminamos sin la cruz, cuando edificamos sin la cruz, o cuando confesamos un Cristo sin la cruz, no somos disc\u00edpulos del Se\u00f1or; somos mundanos\u201d.<\/i><\/p>\n<p>En medio de las experiencias buenas y malas de este curso, ojal\u00e1 sepamos cantar lo que en el salmo 89 hemos recitado:<\/p>\n<p><i>\u201cTen compasi\u00f3n de tus siervos. Por la ma\u00f1ana, s\u00e1cianos de tu misericordia\u2026 Baje a nosotros la Bondad del Se\u00f1or y haga pr\u00f3speras las obras de nuestras manos\u201d.<\/i><\/p>\n<p>Hermanos y hermanas: como ya sois conscientes de ello, el\u00a0 objetivo de pastoral de este curso pastoral lleva como lema: <i>\u201cSer ante sus ojos, para dejar que el Se\u00f1or vuelva tocar nuestra existencia\u201d.<\/i><\/p>\n<p><i>Ser ante sus ojos<\/i>, quiere decir dejarnos mirar por \u00c9l para ver nuestra realidad como \u00c9l la ve, para vernos a nosotros como \u00c9l nos ve, para ver a los dem\u00e1s como \u00c9l los ve. Ser ante sus ojos quiere decir que no podemos vivir, personal y comunitariamente, ni como si Dios no existiera ni como si nuestra vida fuese s\u00f3lo un asunto y un problema nuestro. Nuestra existencia est\u00e1 bajo la mirada de Dios. Todo lo que hagamos \u00c9l lo ve\u2026 No podemos enga\u00f1arle. \u00c9l mira en lo profundo: en nuestro coraz\u00f3n.<\/p>\n<p><i>Para dejar que el Se\u00f1or vuelva a tocar nuestra existencia<\/i>. Repito lo que, magistralmente,\u00a0 nos leg\u00f3 el Papa Benedicto XVI: <i>\u201cS\u00f3lo los hombres y mujeres tocados por Dios ser\u00e1n capaces de abrir la mente y el coraz\u00f3n de sus hermanos a los misterios de Dios\u201d<\/i>. S\u00f3lo el que ha tenido experiencia de Dios puede hablar de Dios.<\/p>\n<p>Gracias profesores de religi\u00f3n, catequistas, animadores lit\u00fargicos y voluntarios de C\u00e1ritas, por vuestra entrega y generosidad en esta peque\u00f1a Iglesia que peregrina en Ciudad Rodrigo. Gracias por vuestro amor a esta tierra y a sus gentes. Gracias porque, con la fuerza del Esp\u00edritu, quer\u00e9is ser-vivir-misionar ante sus ojos, ante su mirada y, as\u00ed, dej\u00e1is que el Se\u00f1or vuelva a tocar vuestra existencia. Gracias por ser testigos en tiempos recios. Que la Virgen Mar\u00eda, la contemplativa de los ojos grandes, la tocada por el Esp\u00edritu en todo su ser, nos acompa\u00f1e, nos conduzca, nos anime y no ense\u00f1e d\u00f3nde est\u00e1 las claves de fecundidad de nuestros trabajos apost\u00f3licos. Que San Francisco, cuyo a\u00f1o estamos celebrando, y Santa Teresa de Avila, cuyo a\u00f1o jubilar comenzaremos, nos ayuden e intercedan por nosotros. Y que, D. Alvaro del Portillo, hoy\u00a0 beatificado en Madrid, nos estimule en el camino de santidad al que estamos todos llamados.<\/p>\n<p>En otro orden de cosas, deseo hoy que, como Di\u00f3cesis, nos unamos, con toda la Iglesia, en la oraci\u00f3n por la III Asamblea General Extraordinaria del S\u00ednodo de Obispos sobre la familia que, Dios mediante, se inaugurar\u00e1 el d\u00eda 5 de octubre. La oraci\u00f3n compuesta por el Papa dice as\u00ed:<\/p>\n<p><i>Jes\u00fas, Mar\u00eda y Jos\u00e9: <\/i><\/p>\n<p><i>en vosotros contemplamos<\/i><\/p>\n<p><i>el esplendor del verdadero amor;<\/i><\/p>\n<p><i>a vosotros, confiados nos dirigimos.<\/i><\/p>\n<p><i>Santa Familia de Nazaret, haz tambi\u00e9n de nuestras familias<\/i><\/p>\n<p><i>lugar de comuni\u00f3n y cen\u00e1culo de oraci\u00f3n,<\/i><\/p>\n<p><i>aut\u00e9nticas escuelas del Evangelio<\/i><\/p>\n<p><i>y peque\u00f1as iglesias dom\u00e9sticas.<\/i><\/p>\n<p><i>Santa Familia de Nazaret,<\/i><\/p>\n<p><i>que nunca m\u00e1s halla en las familias<\/i><\/p>\n<p><i>episodios de violencia, de cerraz\u00f3n y divisi\u00f3n.<\/i><\/p>\n<p><i>Que quien haya sido herido o escandalizado<\/i><\/p>\n<p><i>sea pronto consolado y curado.<\/i><\/p>\n<p><i>\u00a0<\/i><\/p>\n<p><i>\u00a0<\/i><\/p>\n<p><i>Santa Familia de Nazaret,<\/i><\/p>\n<p><i>que el pr\u00f3ximo S\u00ednodo de los Obispos<\/i><\/p>\n<p><i>haga tomar conciencia a todos<\/i><\/p>\n<p><i>del car\u00e1cter sagrado e inviolable de la familia,<\/i><\/p>\n<p><i>y de su belleza en el proyecto de Dios.<\/i><\/p>\n<p><i>Jes\u00fas, Mar\u00eda y Jos\u00e9,<\/i><\/p>\n<p><i>escuchad y acoged nuestra s\u00faplica. Am\u00e9n. <\/i><\/p>\n<p><i>\u00a0<\/i><\/p>\n<p>+ Ra\u00fal, Obispo de Ciudad Rodrigo<i><\/i><\/p>\n<p><a href=\"http:\/\/www.diocesisciudadrodrigo.org\/blog3\/wp-content\/uploads\/2014\/09\/DSC_0654.jpg\"><img loading=\"lazy\" class=\" wp-image-2770 alignleft\" alt=\"DSC_0654\" src=\"http:\/\/www.diocesisciudadrodrigo.org\/blog3\/wp-content\/uploads\/2014\/09\/DSC_0654-800x533.jpg\" width=\"480\" height=\"320\" srcset=\"https:\/\/www.diocesisciudadrodrigo.org\/blog3\/wp-content\/uploads\/2014\/09\/DSC_0654-800x533.jpg 800w, https:\/\/www.diocesisciudadrodrigo.org\/blog3\/wp-content\/uploads\/2014\/09\/DSC_0654-300x200.jpg 300w\" sizes=\"(max-width: 480px) 100vw, 480px\" \/><\/a><a href=\"http:\/\/www.diocesisciudadrodrigo.org\/blog3\/wp-content\/uploads\/2014\/09\/DSC_0630.jpg\"><img loading=\"lazy\" class=\" wp-image-2771 alignleft\" alt=\"DSC_0630\" src=\"http:\/\/www.diocesisciudadrodrigo.org\/blog3\/wp-content\/uploads\/2014\/09\/DSC_0630-800x533.jpg\" width=\"480\" height=\"320\" srcset=\"https:\/\/www.diocesisciudadrodrigo.org\/blog3\/wp-content\/uploads\/2014\/09\/DSC_0630-800x533.jpg 800w, https:\/\/www.diocesisciudadrodrigo.org\/blog3\/wp-content\/uploads\/2014\/09\/DSC_0630-300x200.jpg 300w\" sizes=\"(max-width: 480px) 100vw, 480px\" \/><\/a><\/p>\n","protected":false},"excerpt":{"rendered":"<p>Ra\u00fal Berzosa: \u00abS\u00f3lo el que ha tenido experiencia de Dios puede hablar de Dios\u00bb &nbsp; Muy queridos hermanos sacerdotes, muy queridas consagradas, muy queridos todos: Os hablo todav\u00eda bajo el impacto vivido en Monterrey (Mexico) durante la semana pasada. Un Retiro para m\u00e1s de m\u00e1s de 900 sacerdotes, por un lado y, otro, para m\u00e1s &#8230; <a title=\"Curso 2014-2015\" class=\"read-more\" href=\"https:\/\/www.diocesisciudadrodrigo.org\/blog3\/curso-2014-2015-2\/\" aria-label=\"M\u00e1s en Curso 2014-2015\">Leer m\u00e1s<\/a><\/p>\n","protected":false},"author":4,"featured_media":0,"comment_status":"closed","ping_status":"closed","sticky":false,"template":"","format":"standard","meta":[],"categories":[63],"tags":[],"_links":{"self":[{"href":"https:\/\/www.diocesisciudadrodrigo.org\/blog3\/wp-json\/wp\/v2\/posts\/2768"}],"collection":[{"href":"https:\/\/www.diocesisciudadrodrigo.org\/blog3\/wp-json\/wp\/v2\/posts"}],"about":[{"href":"https:\/\/www.diocesisciudadrodrigo.org\/blog3\/wp-json\/wp\/v2\/types\/post"}],"author":[{"embeddable":true,"href":"https:\/\/www.diocesisciudadrodrigo.org\/blog3\/wp-json\/wp\/v2\/users\/4"}],"replies":[{"embeddable":true,"href":"https:\/\/www.diocesisciudadrodrigo.org\/blog3\/wp-json\/wp\/v2\/comments?post=2768"}],"version-history":[{"count":1,"href":"https:\/\/www.diocesisciudadrodrigo.org\/blog3\/wp-json\/wp\/v2\/posts\/2768\/revisions"}],"predecessor-version":[{"id":2772,"href":"https:\/\/www.diocesisciudadrodrigo.org\/blog3\/wp-json\/wp\/v2\/posts\/2768\/revisions\/2772"}],"wp:attachment":[{"href":"https:\/\/www.diocesisciudadrodrigo.org\/blog3\/wp-json\/wp\/v2\/media?parent=2768"}],"wp:term":[{"taxonomy":"category","embeddable":true,"href":"https:\/\/www.diocesisciudadrodrigo.org\/blog3\/wp-json\/wp\/v2\/categories?post=2768"},{"taxonomy":"post_tag","embeddable":true,"href":"https:\/\/www.diocesisciudadrodrigo.org\/blog3\/wp-json\/wp\/v2\/tags?post=2768"}],"curies":[{"name":"wp","href":"https:\/\/api.w.org\/{rel}","templated":true}]}}