{"id":2765,"date":"2014-09-25T07:51:14","date_gmt":"2014-09-25T07:51:14","guid":{"rendered":"http:\/\/www.diocesisciudadrodrigo.org\/blog3\/?p=2765"},"modified":"2014-09-25T07:51:14","modified_gmt":"2014-09-25T07:51:14","slug":"ciclo-de-conferencias","status":"publish","type":"post","link":"https:\/\/www.diocesisciudadrodrigo.org\/blog3\/ciclo-de-conferencias\/","title":{"rendered":"Ciclo de Conferencias"},"content":{"rendered":"<p><span style=\"font-size: 18px; color: #3366ff;\"><strong>El Centro Teol\u00f3gico Civitatense &#8216;San Isidoro&#8217; abordar\u00e1 c\u00f3mo &#8216;Contemplar el rostro del hermano pobre para vivir la alegr\u00eda del Evangelio&#8217;<\/strong><\/span><\/p>\n<p>Del 30 de septiembre al 3 de octubre, el\u00a0El Centro Teol\u00f3gico Civitatense &#8216;San Isidoro&#8217; celebra el XXI ciclo de conferencias, este a\u00f1o bajo el lema:\u00a0&#8216;Contemplar el rostro del hermano pobre para vivir la alegr\u00eda del Evangelio&#8217;.<\/p>\n<p>As\u00ed, el martes 30 de septiembre se desarrollar\u00e1 una mesa redonda con D. Tano Silva Bejarano, D\u00f1a. Elena Esnaola Barea y D. Juan Jes\u00fas Delgado Pascual, miembros del Movimiento Rural Cristiano de las di\u00f3cesis de Coria-C\u00e1ceres y Salamanca. El t\u00edtulo elegido es &#8216;Mundo rural y el esp\u00edritu de San Francisco de As\u00eds&#8217;.<\/p>\n<p>El mi\u00e9rcoles uno de octubre, D. Jos\u00e9 Ramos Domingo (UPSA) abordar\u00e1 el &#8216;Franciscanismo en los tratados de piedad y en el arte&#8217;, y el jueves dos de octubre, ser\u00e1 el turno para D. Eduardo Azofra Agust\u00edn (USAL), que hablar\u00e1 sobre &#8216;La iconograf\u00eda de Jesucristo recogiendo las vestiduras y la exposici\u00f3n San Francisco&#8217;.<\/p>\n<p>Por \u00faltimo, el Emmo. Sr. Cardenal D. Carlos Amigo, arzobispo em\u00e9rito de Sevilla, cerrar\u00e1 el ciclo el viernes tres de octubre con la ponencia &#8216;San Francisco de As\u00ed y el Papa Francisco&#8217;.<\/p>\n<p>Todas las charlas se desarrollar\u00e1n en el sal\u00f3n e actos &#8216;Obispo Mazarrasa&#8217; del obispado a las 20:00 horas, a excepci\u00f3n de la \u00faltima, que tendr\u00e1 lugar a las 19:00 horas.<\/p>\n","protected":false},"excerpt":{"rendered":"<p>El Centro Teol\u00f3gico Civitatense &#8216;San Isidoro&#8217; abordar\u00e1 c\u00f3mo &#8216;Contemplar el rostro del hermano pobre para vivir la alegr\u00eda del Evangelio&#8217; Del 30 de septiembre al 3 de octubre, el\u00a0El Centro Teol\u00f3gico Civitatense &#8216;San Isidoro&#8217; celebra el XXI ciclo de conferencias, este a\u00f1o bajo el lema:\u00a0&#8216;Contemplar el rostro del hermano pobre para vivir la alegr\u00eda del &#8230; <a title=\"Ciclo de Conferencias\" class=\"read-more\" href=\"https:\/\/www.diocesisciudadrodrigo.org\/blog3\/ciclo-de-conferencias\/\" aria-label=\"M\u00e1s en Ciclo de Conferencias\">Leer m\u00e1s<\/a><\/p>\n","protected":false},"author":4,"featured_media":0,"comment_status":"closed","ping_status":"closed","sticky":false,"template":"","format":"standard","meta":[],"categories":[3],"tags":[],"_links":{"self":[{"href":"https:\/\/www.diocesisciudadrodrigo.org\/blog3\/wp-json\/wp\/v2\/posts\/2765"}],"collection":[{"href":"https:\/\/www.diocesisciudadrodrigo.org\/blog3\/wp-json\/wp\/v2\/posts"}],"about":[{"href":"https:\/\/www.diocesisciudadrodrigo.org\/blog3\/wp-json\/wp\/v2\/types\/post"}],"author":[{"embeddable":true,"href":"https:\/\/www.diocesisciudadrodrigo.org\/blog3\/wp-json\/wp\/v2\/users\/4"}],"replies":[{"embeddable":true,"href":"https:\/\/www.diocesisciudadrodrigo.org\/blog3\/wp-json\/wp\/v2\/comments?post=2765"}],"version-history":[{"count":2,"href":"https:\/\/www.diocesisciudadrodrigo.org\/blog3\/wp-json\/wp\/v2\/posts\/2765\/revisions"}],"predecessor-version":[{"id":2767,"href":"https:\/\/www.diocesisciudadrodrigo.org\/blog3\/wp-json\/wp\/v2\/posts\/2765\/revisions\/2767"}],"wp:attachment":[{"href":"https:\/\/www.diocesisciudadrodrigo.org\/blog3\/wp-json\/wp\/v2\/media?parent=2765"}],"wp:term":[{"taxonomy":"category","embeddable":true,"href":"https:\/\/www.diocesisciudadrodrigo.org\/blog3\/wp-json\/wp\/v2\/categories?post=2765"},{"taxonomy":"post_tag","embeddable":true,"href":"https:\/\/www.diocesisciudadrodrigo.org\/blog3\/wp-json\/wp\/v2\/tags?post=2765"}],"curies":[{"name":"wp","href":"https:\/\/api.w.org\/{rel}","templated":true}]}}