{"id":2752,"date":"2014-09-12T08:11:36","date_gmt":"2014-09-12T08:11:36","guid":{"rendered":"http:\/\/www.diocesisciudadrodrigo.org\/blog3\/?p=2752"},"modified":"2014-09-12T08:11:36","modified_gmt":"2014-09-12T08:11:36","slug":"patrimonio","status":"publish","type":"post","link":"https:\/\/www.diocesisciudadrodrigo.org\/blog3\/patrimonio\/","title":{"rendered":"Patrimonio"},"content":{"rendered":"<p><span style=\"color: #3366ff; font-size: 18px;\"><strong><a href=\"http:\/\/www.diocesisciudadrodrigo.org\/blog3\/?attachment_id=2753\" rel=\"attachment wp-att-2753\"><img loading=\"lazy\" class=\"wp-image-2753 alignleft\" alt=\"la foto\" src=\"http:\/\/www.diocesisciudadrodrigo.org\/blog3\/wp-content\/uploads\/2014\/09\/la-foto-597x800.jpg\" width=\"172\" height=\"230\" srcset=\"https:\/\/www.diocesisciudadrodrigo.org\/blog3\/wp-content\/uploads\/2014\/09\/la-foto-597x800.jpg 597w, https:\/\/www.diocesisciudadrodrigo.org\/blog3\/wp-content\/uploads\/2014\/09\/la-foto-224x300.jpg 224w, https:\/\/www.diocesisciudadrodrigo.org\/blog3\/wp-content\/uploads\/2014\/09\/la-foto.jpg 1936w\" sizes=\"(max-width: 172px) 100vw, 172px\" \/><\/a>El obispo inaugura hoy viernes la restauraci\u00f3n del retablo de Monsagro<\/strong><\/span><\/p>\n<p>El retablo barroco de la iglesia de la localidad de Monsagro ya luce en todo su esplendor. Tras un trabajo de algo m\u00e1s de tres meses, el obispo de la di\u00f3cesis, Ra\u00fal Berzosa, presidi\u00f3\u00a0hoy viernes 12 de septiembre, la eucarist\u00eda en la que se inaugurar\u00e1 la pieza restaurada.<\/p>\n<p>Se trata de un retablo de madera policromada de unos 350 a\u00f1os de antig\u00fcedad, que seg\u00fan Cecilia Herrero, restauradora, destaca porque \u201cla policrom\u00eda es bastante original, tiene una mezcla de colores at\u00edpicos como son el azul, el rojo y los dorados\u201d.<\/p>\n<p>El retablo es de unas dimensiones considerables y el principal motivo por el que se ha tenido que actuar sobre \u00e9l es porque estaba bastante afectado por los xil\u00f3fagos, de hecho, la primera parte de la restauraci\u00f3n ha consistido en un proceso fitosanitario de desinsectaci\u00f3n. Despu\u00e9s llegar\u00edan la consolidaci\u00f3n de la madera que estaba muy debilitada por el ataque biol\u00f3gico; el proceso de limpieza qu\u00edmica porque se encontraba muy sucio y oxidado, la fijaci\u00f3n de la policrom\u00eda, la reposici\u00f3n de las partes de materia que faltaban o el estucado general.<!--more--><\/p>\n<p>Seg\u00fan Herrero, lo m\u00e1s complicado es \u201cla consolidaci\u00f3n ya que estaba muy afectado por el ataque\u00a0 biol\u00f3gico\u201d. Adem\u00e1s del retablo, se ha procedido a la restauraci\u00f3n de otras ocho tallas de esta iglesia durante los dos \u00faltimos a\u00f1os y medio: Virgen del Rosario, Santa \u00c1gueda y Santa Luc\u00eda, Santa Catalina, Santo Domingo de Guzm\u00e1n, San Juan, San Francisco y San Ant\u00f3n. Tanto la restauraci\u00f3n del retablo como la de las tallas ha supuesto una inversi\u00f3n de unos 25.000 euros que han sido sufragados gracias a los \u201cdonativos generosos\u201d, indica el p\u00e1rroco, Joaqu\u00edn Gal\u00e1n, de los vecinos. En el caso de la Virgen del Rosario la restauraci\u00f3n ha sido costeada por dos vecinas y la imagen de Santa \u00c1gueda, fue arreglada con la aportaci\u00f3n de la asociaci\u00f3n cultural.\u00a0 Todo lo dem\u00e1s, ha sido costeado por la comunidad, no ha habido ninguna ayuda p\u00fablica.<\/p>\n<p>Joaqu\u00edn Gal\u00e1n se muestra \u201csatisfecho con la obra\u201d, pues se ha entregado a ella con fuerzas y con el coraz\u00f3n.<\/p>\n<p>&nbsp;<\/p>\n<p>&nbsp;<\/p>\n<p>&nbsp;<\/p>\n","protected":false},"excerpt":{"rendered":"<p>El obispo inaugura hoy viernes la restauraci\u00f3n del retablo de Monsagro El retablo barroco de la iglesia de la localidad de Monsagro ya luce en todo su esplendor. Tras un trabajo de algo m\u00e1s de tres meses, el obispo de la di\u00f3cesis, Ra\u00fal Berzosa, presidi\u00f3\u00a0hoy viernes 12 de septiembre, la eucarist\u00eda en la que se &#8230; <a title=\"Patrimonio\" class=\"read-more\" href=\"https:\/\/www.diocesisciudadrodrigo.org\/blog3\/patrimonio\/\" aria-label=\"M\u00e1s en Patrimonio\">Leer m\u00e1s<\/a><\/p>\n","protected":false},"author":4,"featured_media":0,"comment_status":"closed","ping_status":"closed","sticky":false,"template":"","format":"standard","meta":[],"categories":[3],"tags":[],"_links":{"self":[{"href":"https:\/\/www.diocesisciudadrodrigo.org\/blog3\/wp-json\/wp\/v2\/posts\/2752"}],"collection":[{"href":"https:\/\/www.diocesisciudadrodrigo.org\/blog3\/wp-json\/wp\/v2\/posts"}],"about":[{"href":"https:\/\/www.diocesisciudadrodrigo.org\/blog3\/wp-json\/wp\/v2\/types\/post"}],"author":[{"embeddable":true,"href":"https:\/\/www.diocesisciudadrodrigo.org\/blog3\/wp-json\/wp\/v2\/users\/4"}],"replies":[{"embeddable":true,"href":"https:\/\/www.diocesisciudadrodrigo.org\/blog3\/wp-json\/wp\/v2\/comments?post=2752"}],"version-history":[{"count":1,"href":"https:\/\/www.diocesisciudadrodrigo.org\/blog3\/wp-json\/wp\/v2\/posts\/2752\/revisions"}],"predecessor-version":[{"id":2754,"href":"https:\/\/www.diocesisciudadrodrigo.org\/blog3\/wp-json\/wp\/v2\/posts\/2752\/revisions\/2754"}],"wp:attachment":[{"href":"https:\/\/www.diocesisciudadrodrigo.org\/blog3\/wp-json\/wp\/v2\/media?parent=2752"}],"wp:term":[{"taxonomy":"category","embeddable":true,"href":"https:\/\/www.diocesisciudadrodrigo.org\/blog3\/wp-json\/wp\/v2\/categories?post=2752"},{"taxonomy":"post_tag","embeddable":true,"href":"https:\/\/www.diocesisciudadrodrigo.org\/blog3\/wp-json\/wp\/v2\/tags?post=2752"}],"curies":[{"name":"wp","href":"https:\/\/api.w.org\/{rel}","templated":true}]}}