{"id":2742,"date":"2014-09-01T07:21:26","date_gmt":"2014-09-01T07:21:26","guid":{"rendered":"http:\/\/www.diocesisciudadrodrigo.org\/blog3\/?p=2742"},"modified":"2014-09-01T07:21:26","modified_gmt":"2014-09-01T07:21:26","slug":"articulo-el-comercio-de-gijon-30-8-2014","status":"publish","type":"post","link":"https:\/\/www.diocesisciudadrodrigo.org\/blog3\/articulo-el-comercio-de-gijon-30-8-2014\/","title":{"rendered":"Art\u00edculo &#8216;El Comercio&#8217; de Gij\u00f3n (30-8-2014)"},"content":{"rendered":"<p><strong><span style=\"color: #3366ff; font-size: 18px;\">Ra\u00fal Berzosa: \u00abDesde el principio me sorprendi\u00f3 su personalidad arrolladora y emprendedora\u00bb<\/span><\/strong><\/p>\n<p>Se me pide, con urgencia, una breve semblanza de D. Carlos. Conoc\u00ed a D. Carlos en Oviedo, antes de ser ordenado obispo auxiliar por \u00e9l, en diversos encuentros puntuales a los que acud\u00ed como presb\u00edtero. Desde el principio, me sorprendi\u00f3 su personalidad arrolladora y emprendedora, su\u00a0 movilidad y esp\u00edritu inquieto, su\u00a0 cercan\u00eda en las distancias cortas y su imaginaci\u00f3n. Impuntual a las citas, por necesidad, sab\u00eda que las cosas o se hacen de verdad, y con toda dedicaci\u00f3n, o no se hacen. Al ser un gran organizador a veces conllevaba el que no se sintieran implicadas\u00a0 o suficientemente responsables las personas de su entorno. Todo el mundo me dec\u00eda: <i>\u201ces un Arzobispo emergente; har\u00e1 carrera\u201d.<\/i> \u00c9l sab\u00eda cu\u00e1les son las tentaciones que pueden acechar a un obispo y, l\u00f3gicamente, trataba de superarlas: primera, el no rezar con tiempo y calidad; \u00e9l trataba de ser una persona orante. Segunda, el no leer o escribir casi nada en profundidad; \u00e9l trataba de leer para formarse\u00a0 y\u00a0 de ser honesto en sus escritos. Tercera, el convertirte en \u201cpersonaje\u201d p\u00fablico, olvidando que eres, ante todo, persona; \u00e9l trataba de no perder nunca su profunda humanidad. Cuarta, el hablar de universalidad y, a la hora de la verdad, escuchar s\u00f3lo las campanas de tu campanario; \u00e9l trataba de ser cat\u00f3lico y abierto a todas las necesidades eclesiales. Quinta, el buscar beneficios personales; \u00e9l trataba de ser pastor, como quiso serlo en su primera di\u00f3cesis, Orense. Y, sexta, el decir que quieres a todos y, en verdad, no quieres a casi nadie o, lo que es peor, s\u00f3lo a ti mismo; mucha gente se sinti\u00f3 realmente querida por \u00e9l, como as\u00ed lo demostraron. Adem\u00e1s de mis mejores deseos, no le faltar\u00e1, como siempre, mi agradecimiento y mi oraci\u00f3n. Es muy consciente de que servir como obispo en Madrid es servir, tambi\u00e9n, a toda esta iglesia que peregrina en Espa\u00f1a, hoy,\u00a0 con un timonel\u00a0 muy esperanzador y cre\u00edble: el Papa Francisco. D. Carlos, que viene de la gran Di\u00f3cesis valenciana,\u00a0 sabr\u00e1 recoger, sin duda, lo mejor de la herencia del Cardenal A.M. Rouco\u00a0 y, en un derroche de creatividad y fortaleza, abrir nuevos caminos de evangelizaci\u00f3n.<\/p>\n<p>+ Ra\u00fal Berzosa, obispo de Ciudad Rodrigo<\/p>\n","protected":false},"excerpt":{"rendered":"<p>Ra\u00fal Berzosa: \u00abDesde el principio me sorprendi\u00f3 su personalidad arrolladora y emprendedora\u00bb Se me pide, con urgencia, una breve semblanza de D. Carlos. Conoc\u00ed a D. Carlos en Oviedo, antes de ser ordenado obispo auxiliar por \u00e9l, en diversos encuentros puntuales a los que acud\u00ed como presb\u00edtero. Desde el principio, me sorprendi\u00f3 su personalidad arrolladora &#8230; <a title=\"Art\u00edculo &#8216;El Comercio&#8217; de Gij\u00f3n (30-8-2014)\" class=\"read-more\" href=\"https:\/\/www.diocesisciudadrodrigo.org\/blog3\/articulo-el-comercio-de-gijon-30-8-2014\/\" aria-label=\"M\u00e1s en Art\u00edculo &#8216;El Comercio&#8217; de Gij\u00f3n (30-8-2014)\">Leer m\u00e1s<\/a><\/p>\n","protected":false},"author":4,"featured_media":0,"comment_status":"closed","ping_status":"closed","sticky":false,"template":"","format":"standard","meta":[],"categories":[3],"tags":[],"_links":{"self":[{"href":"https:\/\/www.diocesisciudadrodrigo.org\/blog3\/wp-json\/wp\/v2\/posts\/2742"}],"collection":[{"href":"https:\/\/www.diocesisciudadrodrigo.org\/blog3\/wp-json\/wp\/v2\/posts"}],"about":[{"href":"https:\/\/www.diocesisciudadrodrigo.org\/blog3\/wp-json\/wp\/v2\/types\/post"}],"author":[{"embeddable":true,"href":"https:\/\/www.diocesisciudadrodrigo.org\/blog3\/wp-json\/wp\/v2\/users\/4"}],"replies":[{"embeddable":true,"href":"https:\/\/www.diocesisciudadrodrigo.org\/blog3\/wp-json\/wp\/v2\/comments?post=2742"}],"version-history":[{"count":2,"href":"https:\/\/www.diocesisciudadrodrigo.org\/blog3\/wp-json\/wp\/v2\/posts\/2742\/revisions"}],"predecessor-version":[{"id":2744,"href":"https:\/\/www.diocesisciudadrodrigo.org\/blog3\/wp-json\/wp\/v2\/posts\/2742\/revisions\/2744"}],"wp:attachment":[{"href":"https:\/\/www.diocesisciudadrodrigo.org\/blog3\/wp-json\/wp\/v2\/media?parent=2742"}],"wp:term":[{"taxonomy":"category","embeddable":true,"href":"https:\/\/www.diocesisciudadrodrigo.org\/blog3\/wp-json\/wp\/v2\/categories?post=2742"},{"taxonomy":"post_tag","embeddable":true,"href":"https:\/\/www.diocesisciudadrodrigo.org\/blog3\/wp-json\/wp\/v2\/tags?post=2742"}],"curies":[{"name":"wp","href":"https:\/\/api.w.org\/{rel}","templated":true}]}}