{"id":2732,"date":"2014-08-11T20:19:36","date_gmt":"2014-08-11T20:19:36","guid":{"rendered":"http:\/\/www.diocesisciudadrodrigo.org\/blog3\/?p=2732"},"modified":"2014-08-13T20:25:42","modified_gmt":"2014-08-13T20:25:42","slug":"fiesta-de-santa-clara-de-asis","status":"publish","type":"post","link":"https:\/\/www.diocesisciudadrodrigo.org\/blog3\/fiesta-de-santa-clara-de-asis\/","title":{"rendered":"Fiesta de Santa Clara de As\u00eds"},"content":{"rendered":"<p><span style=\"color: #3366ff; font-size: 18px;\"><b><a href=\"http:\/\/www.diocesisciudadrodrigo.org\/blog3\/?attachment_id=2733\" rel=\"attachment wp-att-2733\"><img class=\" wp-image-2733 alignleft\" alt=\"tavola\" src=\"http:\/\/www.diocesisciudadrodrigo.org\/blog3\/wp-content\/uploads\/2014\/08\/tavola.jpg\" width=\"300\" srcset=\"https:\/\/www.diocesisciudadrodrigo.org\/blog3\/wp-content\/uploads\/2014\/08\/tavola.jpg 500w, https:\/\/www.diocesisciudadrodrigo.org\/blog3\/wp-content\/uploads\/2014\/08\/tavola-221x300.jpg 221w\" sizes=\"(max-width: 500px) 100vw, 500px\" \/><\/a>Ra\u00fal Berzosa: \u00abElla mostr\u00f3, una vez m\u00e1s, que el cristianismo no es una aventura en solitario ni para solitarios\u00bb<\/b><\/span><\/p>\n<p>Querido D. Carlos, capell\u00e1n de esta casa; queridos hermanos sacerdotes, querida comunidad de Clarisas, queridos familiares, amigos y bienhechores:<\/p>\n<p>Hoy es un d\u00eda muy grande. Sor Teresa y Sor Mar\u00eda Magdalena, van a realizar, delante de Dios, su profesi\u00f3n simple; y Sor Mar\u00eda Visitaci\u00f3n, celebrar\u00e1 sus bodas de oro como religiosa. Precisamente en el a\u00f1o franciscano en Ciudad Rodrigo.<\/p>\n<p>\u00bfQu\u00e9 sentido tiene todo esto? \u2013 No nos queda m\u00e1s alternativa que recordar algunas claves de la vida de Santa Clara. Ayer por la noche, en primicia, gozamos en este mismo lugar de un sugerente mon\u00f3logo sobre la santa, con motivo de los actos del a\u00f1o franciscano.<\/p>\n<p>Como sabemos, pertenec\u00eda a una noble y rica familia de As\u00eds. Sus padres: Favarone de Offreduccio y Ortolana. Naci\u00f3 el 16 de julio de 1194, hace 820 a\u00f1os. \u00bfQu\u00e9 destacamos de su vida? &#8211; Hoy, y como regalo en este d\u00eda y para esta querida casa, me ha llegado desde As\u00eds, la famosa tabla de Santa Clara, pintada en 1283 tal vez por \u00a0Benvenuto Benveni de Foli\u00f1o. En ella destaca, por su altura, la solemne y noble figura de Clara con la cruz en la mano, rodeada de ocho escenas de la vida de la santa. Describimos, brevemente los temas de las ocho escenas.<\/p>\n<p><i>Primer recuadro<\/i>: El obispo Guido, en la misa del domingo de Ramos, en la Catedral de San Rufino, entrega a Clara el ramo de olivo. El Obispo manifiesta particular predilecci\u00f3n hacia Clara, pues sabe, por boca de Francisco, lo que va a suceder en la noche siguiente.<\/p>\n<p><i>\u00a0<\/i><i>Segundo recuadro<\/i>: En la noche de aquel domingo, huye Clara de la casa paterna y, acompa\u00f1ada de su nodriza Bona de Guelfuccio, se encamina hacia la Porci\u00fancula. Francisco y sus frailes, que la aguardan con antorchas encendidas al borde del bosque, la reciben y acompa\u00f1an hasta la iglesita.<!--more--><\/p>\n<p><i>Tercer recuadro<\/i>: Ya en la iglesita de la Porci\u00fancula, Clara, tras deponer su precioso traje y los adornos, viste una basta cogulla y se ci\u00f1e las caderas con una soga. Francisco la cort\u00f3 la rubia cabellera, y\u00a0 cubri\u00f3 su cabeza con un velo negro. Pronuncia Clara los votos de pobreza, castidad y obediencia, y reconoce a Francisco como superior suyo. Nace as\u00ed \u00a0la vida de la Orden de las Hermanas Pobres. Terminada la ceremonia, santa Clara es acompa\u00f1ada al monasterio de las benedictinas de San Pablo, cerca de la \u00abInsula Romana\u00bb (hoy, Bastia Umbra).<\/p>\n<p><i>Cuarto recuadro<\/i>: Su padre Offreduccio intenta disuadir a Clara de su prop\u00f3sito y reconducirla a su casa. Ante la firme determinaci\u00f3n de la hija, trata de arrancarla del monasterio a la fuerza. Clara se agarra entonces del altar. Es un acto de protecci\u00f3n reconocido por la ley eclesi\u00e1stica ante el cual el padre tiene que rendirse.<\/p>\n<p><i>Quinto recuadro: <\/i>In\u00e9s, hermana de Clara y pr\u00f3xima a contraer matrimonio, abandona a su vez la casa paterna y se refugia en el mismo monasterio. El furor de su padre Offreduccio es ahora mayor. Otra vez va al convento, acompa\u00f1ado de hombres armados. No quiere perder a una segunda hija. Agarran a In\u00e9s con el prop\u00f3sito de llev\u00e1rsela a casa, pero no lo logran. Por intercesi\u00f3n de las plegarias de Clara, el cuerpo de In\u00e9s se torna muy pesado y es imposible removerlo. El brazo de su t\u00edo paterno, Monaldo, que amenaza con aplastarla, queda paralizado en el aire. Posteriormente, se reunir\u00e1n con Clara, en el convento de San Dami\u00e1n, su madre Ortolana y su Beatriz.<\/p>\n<p><i>Sexto recuadro<\/i>: Un d\u00eda, santa Clara, en el refectorio de San Dami\u00e1n, en presencia del papa Gregorio IX, bendice los panes antes de su distribuci\u00f3n: en cada uno, milagrosamente, se dibuja una cruz.<\/p>\n<p><i>S\u00e9ptimo recuadro<\/i>: Un grupo de v\u00edrgenes, presididas por la Virgen Mar\u00eda y con coronas de oro, se aparece a santa Clara moribunda. Nuestra Se\u00f1ora La Virgen le da un dulc\u00edsimo abrazo, y las v\u00edrgenes extienden un velo sobre el cuerpo de Clara.<\/p>\n<p><i>Octavo recuadro<\/i>: el Papa Inocencio IV celebra las exequias de la Santa en presencia de cardenales. El cuerpo de santa Clara permaneci\u00f3 durante siete a\u00f1os en el mismo lugar donde hab\u00eda sido sepultado el de san Francisco. En 1260 \u00a0fue colocado debajo del altar mayor y all\u00ed permaneci\u00f3 durante casi seis siglos, hasta el 23 de septiembre de 1850, cuando se comprob\u00f3 que permanec\u00eda incorrupto. Desde comienzos de 1988 el rostro y las manos de la santa fueron recubiertos de cera.<\/p>\n<p>No deseo alargarme m\u00e1s. Para las nuevas profesas y para quien cumple sus bodas de oro, una vez que hemos recordado la vida de Santa Clara, me atrevo a resumir en cuatro claves de espiritualidad lo que deber\u00e1n vivir: en primer lugar, la b\u00fasqueda aut\u00e9ntica y sin miedo de lo que puede llenar la cabeza, el coraz\u00f3n y toda la vida de una mujer. Este tesoro no es otro que Jesucristo: es el Camino, la Verdad, la Bondad y la Belleza. En segundo lugar, la eclesialidad: Santa Clara siempre se sinti\u00f3 Iglesia e hija de la Iglesia. Esta es una de las verdaderas notas de la reforma en la Iglesia. En tercer lugar, el desear vivir en comunidad. Ella mostr\u00f3, una vez m\u00e1s, que el cristianismo no es una aventura en solitario ni para solitarios. Y, finalmente, el amor a la pobreza y a los pobres. Signo de autenticidad a la hora de vivir el Evangelio.<\/p>\n<p>Queridas hermanas profesas, Sor Teresa y Sor Mar\u00eda Magdalena, y\u00a0 querida sor Mar\u00eda Visitaci\u00f3n, que hoy cumples tus Bodas de Oro: nos unimos a vosotras en vuestro mismo canto del Magnificat, para dar gracias a Dios por todos los dones derramados en vuestras vidas, especialmente Sor Mar\u00eda Visitaci\u00f3n: cincuenta a\u00f1os de fidelidad y de entrega generosa. Rezamos para que aquello que Dios ha comenzado en vosotras \u00c9l mismo lo lleve a feliz t\u00e9rmino. Y nos encomendamos a vuestra oraci\u00f3n.<\/p>\n<p>Gracias, comunidad de hermanas clarisas por el acompa\u00f1amiento cualificado que est\u00e1is haciendo a las profesas y gracias por los cuidados y atenciones hacia la m\u00e1s veterana. Una vez m\u00e1s tenemos que decir, con humildad y con sinceridad, que Dios os pague con creces lo que ni sabemos ni podemos hacer de otra manera.<\/p>\n<p>Gracias a todos los presentes, familiares, amigos y bienhechores\u00a0 por vuestra presencia hoy, en este querido lugar, y por vuestra oraci\u00f3n. Que el Se\u00f1or os colme de sus bendiciones y os conceda la paz y todo bien franciscanos.<\/p>\n<p>Que el Esp\u00edritu Santo, que har\u00e1 el milagro de convertir el pan y el vino en el Cuerpo y la Sangre del Se\u00f1or, nos haga imitar a Santa Clara y a San Francisco en las mejores virtudes de su vida. Y que Santa Mar\u00eda de los Angeles, y todos los santos y santas franciscanas, nos custodien y, por su intercesi\u00f3n, hagan realidad nuevas y santas vocaciones para esta casa. Am\u00e9n.<\/p>\n<p>+ Ra\u00fal, Obispo de Ciudad Rodrigo<\/p>\n","protected":false},"excerpt":{"rendered":"<p>Ra\u00fal Berzosa: \u00abElla mostr\u00f3, una vez m\u00e1s, que el cristianismo no es una aventura en solitario ni para solitarios\u00bb Querido D. Carlos, capell\u00e1n de esta casa; queridos hermanos sacerdotes, querida comunidad de Clarisas, queridos familiares, amigos y bienhechores: Hoy es un d\u00eda muy grande. Sor Teresa y Sor Mar\u00eda Magdalena, van a realizar, delante de &#8230; <a title=\"Fiesta de Santa Clara de As\u00eds\" class=\"read-more\" href=\"https:\/\/www.diocesisciudadrodrigo.org\/blog3\/fiesta-de-santa-clara-de-asis\/\" aria-label=\"M\u00e1s en Fiesta de Santa Clara de As\u00eds\">Leer m\u00e1s<\/a><\/p>\n","protected":false},"author":4,"featured_media":0,"comment_status":"closed","ping_status":"closed","sticky":false,"template":"","format":"standard","meta":[],"categories":[63],"tags":[],"_links":{"self":[{"href":"https:\/\/www.diocesisciudadrodrigo.org\/blog3\/wp-json\/wp\/v2\/posts\/2732"}],"collection":[{"href":"https:\/\/www.diocesisciudadrodrigo.org\/blog3\/wp-json\/wp\/v2\/posts"}],"about":[{"href":"https:\/\/www.diocesisciudadrodrigo.org\/blog3\/wp-json\/wp\/v2\/types\/post"}],"author":[{"embeddable":true,"href":"https:\/\/www.diocesisciudadrodrigo.org\/blog3\/wp-json\/wp\/v2\/users\/4"}],"replies":[{"embeddable":true,"href":"https:\/\/www.diocesisciudadrodrigo.org\/blog3\/wp-json\/wp\/v2\/comments?post=2732"}],"version-history":[{"count":2,"href":"https:\/\/www.diocesisciudadrodrigo.org\/blog3\/wp-json\/wp\/v2\/posts\/2732\/revisions"}],"predecessor-version":[{"id":2735,"href":"https:\/\/www.diocesisciudadrodrigo.org\/blog3\/wp-json\/wp\/v2\/posts\/2732\/revisions\/2735"}],"wp:attachment":[{"href":"https:\/\/www.diocesisciudadrodrigo.org\/blog3\/wp-json\/wp\/v2\/media?parent=2732"}],"wp:term":[{"taxonomy":"category","embeddable":true,"href":"https:\/\/www.diocesisciudadrodrigo.org\/blog3\/wp-json\/wp\/v2\/categories?post=2732"},{"taxonomy":"post_tag","embeddable":true,"href":"https:\/\/www.diocesisciudadrodrigo.org\/blog3\/wp-json\/wp\/v2\/tags?post=2732"}],"curies":[{"name":"wp","href":"https:\/\/api.w.org\/{rel}","templated":true}]}}