{"id":2728,"date":"2014-08-05T07:21:31","date_gmt":"2014-08-05T07:21:31","guid":{"rendered":"http:\/\/www.diocesisciudadrodrigo.org\/blog3\/?p=2728"},"modified":"2014-08-05T07:21:31","modified_gmt":"2014-08-05T07:21:31","slug":"exposicion-san-francisco-3","status":"publish","type":"post","link":"https:\/\/www.diocesisciudadrodrigo.org\/blog3\/exposicion-san-francisco-3\/","title":{"rendered":"Exposici\u00f3n San Francisco"},"content":{"rendered":"<p><span style=\"color: #3366ff; font-size: 18px;\"><strong><a href=\"http:\/\/www.diocesisciudadrodrigo.org\/blog3\/?attachment_id=2729\" rel=\"attachment wp-att-2729\"><img class=\" wp-image-2729 alignleft\" alt=\"GetAttachment (2)\" src=\"http:\/\/www.diocesisciudadrodrigo.org\/blog3\/wp-content\/uploads\/2014\/08\/GetAttachment-2.jpg\" width=\"250\" \/><\/a>Monse\u00f1or Juli\u00e1n L\u00f3pez visita la muestra<\/strong><\/span><\/p>\n<p>El obispo de la di\u00f3cesis de Le\u00f3n y durante ocho a\u00f1os, obispo de la di\u00f3cesis de Ciudad Rodrigo, Mons. Juli\u00e1n L\u00f3pez, ha querido sumarse al importante n\u00famero de personas que ya ha visita la exposici\u00f3n &#8216;San Francisco&#8217;, que hasta el pr\u00f3ximo 2 de noviembre, se puede ver en la capilla mayor del Seminario de San Cayetano.<\/p>\n<p>En su recorrido, estuvo acompa\u00f1ado por el obispo civitatense, Mons. Ra\u00fal Berzosa, por el vicario general, Tom\u00e1s Mu\u00f1oz, y por uno de los comisarios de la muestra, Juan Carlos S\u00e1nchez. Mons. L\u00f3pez destac\u00f3 la calidad de las obras y la importancia de la exposici\u00f3n.<\/p>\n","protected":false},"excerpt":{"rendered":"<p>Monse\u00f1or Juli\u00e1n L\u00f3pez visita la muestra El obispo de la di\u00f3cesis de Le\u00f3n y durante ocho a\u00f1os, obispo de la di\u00f3cesis de Ciudad Rodrigo, Mons. Juli\u00e1n L\u00f3pez, ha querido sumarse al importante n\u00famero de personas que ya ha visita la exposici\u00f3n &#8216;San Francisco&#8217;, que hasta el pr\u00f3ximo 2 de noviembre, se puede ver en la &#8230; <a title=\"Exposici\u00f3n San Francisco\" class=\"read-more\" href=\"https:\/\/www.diocesisciudadrodrigo.org\/blog3\/exposicion-san-francisco-3\/\" aria-label=\"M\u00e1s en Exposici\u00f3n San Francisco\">Leer m\u00e1s<\/a><\/p>\n","protected":false},"author":4,"featured_media":0,"comment_status":"closed","ping_status":"closed","sticky":false,"template":"","format":"standard","meta":[],"categories":[3],"tags":[],"_links":{"self":[{"href":"https:\/\/www.diocesisciudadrodrigo.org\/blog3\/wp-json\/wp\/v2\/posts\/2728"}],"collection":[{"href":"https:\/\/www.diocesisciudadrodrigo.org\/blog3\/wp-json\/wp\/v2\/posts"}],"about":[{"href":"https:\/\/www.diocesisciudadrodrigo.org\/blog3\/wp-json\/wp\/v2\/types\/post"}],"author":[{"embeddable":true,"href":"https:\/\/www.diocesisciudadrodrigo.org\/blog3\/wp-json\/wp\/v2\/users\/4"}],"replies":[{"embeddable":true,"href":"https:\/\/www.diocesisciudadrodrigo.org\/blog3\/wp-json\/wp\/v2\/comments?post=2728"}],"version-history":[{"count":1,"href":"https:\/\/www.diocesisciudadrodrigo.org\/blog3\/wp-json\/wp\/v2\/posts\/2728\/revisions"}],"predecessor-version":[{"id":2730,"href":"https:\/\/www.diocesisciudadrodrigo.org\/blog3\/wp-json\/wp\/v2\/posts\/2728\/revisions\/2730"}],"wp:attachment":[{"href":"https:\/\/www.diocesisciudadrodrigo.org\/blog3\/wp-json\/wp\/v2\/media?parent=2728"}],"wp:term":[{"taxonomy":"category","embeddable":true,"href":"https:\/\/www.diocesisciudadrodrigo.org\/blog3\/wp-json\/wp\/v2\/categories?post=2728"},{"taxonomy":"post_tag","embeddable":true,"href":"https:\/\/www.diocesisciudadrodrigo.org\/blog3\/wp-json\/wp\/v2\/tags?post=2728"}],"curies":[{"name":"wp","href":"https:\/\/api.w.org\/{rel}","templated":true}]}}