{"id":2726,"date":"2014-07-31T08:40:36","date_gmt":"2014-07-31T08:40:36","guid":{"rendered":"http:\/\/www.diocesisciudadrodrigo.org\/blog3\/?p=2726"},"modified":"2014-09-02T07:34:41","modified_gmt":"2014-09-02T07:34:41","slug":"unidades-de-comunion-y-mision","status":"publish","type":"post","link":"https:\/\/www.diocesisciudadrodrigo.org\/blog3\/unidades-de-comunion-y-mision\/","title":{"rendered":"Unidades de Comuni\u00f3n y Misi\u00f3n"},"content":{"rendered":"<p><span style=\"color: #3366ff; font-size: 18px;\"><strong>El obispo conforma las Unidades de Comuni\u00f3n y Misi\u00f3n y realiza nuevos nombramientos<\/strong><\/span><\/p>\n<p>Con el deseo de consolidar el esp\u00edritu de comuni\u00f3n misionera con el que se ha celebrado al Asamblea Diocesana y con el objeto de alentar cauces para el nacimiento y crecimiento de equipos apost\u00f3licos, el se\u00f1or obispo ha constituido como Unidades de Comuni\u00f3n y Misi\u00f3n, sin perder su estatuto jur\u00eddico como parroquia, a las siguientes parroquias del arciprestazgo de Ciudad Rodrigo:<\/p>\n<p>1-\u00a0\u00a0\u00a0 Parroquias de San Crist\u00f3bal y El Salvador de Ciudad Rodrigo.<\/p>\n<p>2-\u00a0\u00a0\u00a0 Parroquias de Nuestra Se\u00f1ora de F\u00e1tima y San Andr\u00e9s de Ciudad Rodrigo, incluyendo la Residencia Mixta Provincial, Ivanrey, Castillejo de Mart\u00edn Viejo, Saelices y Valdecarpinteros.<\/p>\n<p>3-\u00a0\u00a0\u00a0 Parroquias de El Sagrario y San Pedro y San Isidoro de Ciudad Rodrigo, incluyendo el templo de la Tercera Orden.<\/p>\n<p>4-\u00a0\u00a0\u00a0 Parroquias de Santa Marina de Ciudad Rodrigo, \u00c1gueda del Caudillo y Conejera.<\/p>\n<p>5-\u00a0\u00a0\u00a0 Parroquias de Sanjuanejo, Zamarra, Atalaya, Serradilla del Arroyo, Serradilla del Llano y Monsagro.<!--more--><\/p>\n<p>Por otra parte, el obispo ha efectuado los siguientes nombramientos:<\/p>\n<p>P\u00e1rroco de El Salvador de Ciudad Rodrigo: Rvdo. Sr. D. Jos\u00e9 Mar\u00eda Rodr\u00edguez-Veleiro Rodr\u00edguez.<\/p>\n<p>P\u00e1rroco de San Mu\u00f1oz y Sanch\u00f3n de la Sagrada: Rvdo. Sr. D. Dionisio Calvo Mart\u00edn. Se jubila D. Marcelino<br \/>\nS\u00e1nchez S\u00e1nchez.<\/p>\n<p>P\u00e1rroco de Carrascalejo y La Sagrada: Rvdo. Sr. D. Ernesto Ramos Fuentes.<\/p>\n<p>Vicario Parroquial de San Andr\u00e9s de Ciudad Rodrigo: M. I. Sr. D. Prudencio Manchado Vicente.<\/p>\n<p>Vice-Canciller Secretario y Notario del Obispado: Rvdo. Sr. D. Jose Mar\u00eda Rodr\u00edguez-Veleiro Rodr\u00edguez. Se jubila D. Cesar Sagrado.<\/p>\n<p>Director de la Casa Sacerdotal Santa Mar\u00eda: M.I. Sr. D. Prudencio Manchado Vicente. Cesa D. Juan Carlos S\u00e1nchez G\u00f3mez.<\/p>\n<p>Colaborador de la Unidad de Comuni\u00f3n y Misi\u00f3n de San Andr\u00e9s, F\u00e1tima, Ivanrey, etc. M. I. Sr. D. Prudencio Manchado Vicente.<\/p>\n<p>Colaborador de las Parroquias de El Sagrario y San Pedro y San Isidoro: M. I. Sr. D. Tom\u00e1s Mu\u00f1oz Porras.<\/p>\n<p>Colaborador del Arciprestazgo de \u00c1gueda: Rvdo. Sr. D. Juan Carlos S\u00e1nchez G\u00f3mez.<\/p>\n<p>Colaborador del Arciprestazgo de \u00c1gueda: Rvdo. Sr. D. Fernando S\u00e1nchez Tendero.<\/p>\n<p>Formador del Seminario Menor Diocesano: Rvdo. Sr. D. Anselmo Matilla Santos.<\/p>\n<p>Auxiliar de Formaci\u00f3n en el Seminario Menor Diocesano: D. Adri\u00e1n Matilla Santos.<\/p>\n<p>Auxiliar de Formaci\u00f3n en el Seminario Menor Diocesano: D. Juan Jos\u00e9 \u00a0Carreto\u00a0Rodr\u00edguez.<\/p>\n<p>Colaboradora en la Secretar\u00eda y Biblioteca del Seminario Diocesano: Sor. Gloria Pastor Gordaliza.<\/p>\n<p>Decreto de Uni\u00f3n de la Parroquia del Arrabal de San Sebasti\u00e1n a la de \u00c1gueda del Caudillo.<\/p>\n","protected":false},"excerpt":{"rendered":"<p>El obispo conforma las Unidades de Comuni\u00f3n y Misi\u00f3n y realiza nuevos nombramientos Con el deseo de consolidar el esp\u00edritu de comuni\u00f3n misionera con el que se ha celebrado al Asamblea Diocesana y con el objeto de alentar cauces para el nacimiento y crecimiento de equipos apost\u00f3licos, el se\u00f1or obispo ha constituido como Unidades de &#8230; <a title=\"Unidades de Comuni\u00f3n y Misi\u00f3n\" class=\"read-more\" href=\"https:\/\/www.diocesisciudadrodrigo.org\/blog3\/unidades-de-comunion-y-mision\/\" aria-label=\"M\u00e1s en Unidades de Comuni\u00f3n y Misi\u00f3n\">Leer m\u00e1s<\/a><\/p>\n","protected":false},"author":4,"featured_media":0,"comment_status":"closed","ping_status":"closed","sticky":false,"template":"","format":"standard","meta":[],"categories":[3],"tags":[],"_links":{"self":[{"href":"https:\/\/www.diocesisciudadrodrigo.org\/blog3\/wp-json\/wp\/v2\/posts\/2726"}],"collection":[{"href":"https:\/\/www.diocesisciudadrodrigo.org\/blog3\/wp-json\/wp\/v2\/posts"}],"about":[{"href":"https:\/\/www.diocesisciudadrodrigo.org\/blog3\/wp-json\/wp\/v2\/types\/post"}],"author":[{"embeddable":true,"href":"https:\/\/www.diocesisciudadrodrigo.org\/blog3\/wp-json\/wp\/v2\/users\/4"}],"replies":[{"embeddable":true,"href":"https:\/\/www.diocesisciudadrodrigo.org\/blog3\/wp-json\/wp\/v2\/comments?post=2726"}],"version-history":[{"count":2,"href":"https:\/\/www.diocesisciudadrodrigo.org\/blog3\/wp-json\/wp\/v2\/posts\/2726\/revisions"}],"predecessor-version":[{"id":2750,"href":"https:\/\/www.diocesisciudadrodrigo.org\/blog3\/wp-json\/wp\/v2\/posts\/2726\/revisions\/2750"}],"wp:attachment":[{"href":"https:\/\/www.diocesisciudadrodrigo.org\/blog3\/wp-json\/wp\/v2\/media?parent=2726"}],"wp:term":[{"taxonomy":"category","embeddable":true,"href":"https:\/\/www.diocesisciudadrodrigo.org\/blog3\/wp-json\/wp\/v2\/categories?post=2726"},{"taxonomy":"post_tag","embeddable":true,"href":"https:\/\/www.diocesisciudadrodrigo.org\/blog3\/wp-json\/wp\/v2\/tags?post=2726"}],"curies":[{"name":"wp","href":"https:\/\/api.w.org\/{rel}","templated":true}]}}