{"id":2698,"date":"2014-07-11T07:14:11","date_gmt":"2014-07-11T07:14:11","guid":{"rendered":"http:\/\/www.diocesisciudadrodrigo.org\/blog3\/?p=2698"},"modified":"2014-07-14T07:23:53","modified_gmt":"2014-07-14T07:23:53","slug":"inauguracion-exposicion-san-francisco","status":"publish","type":"post","link":"https:\/\/www.diocesisciudadrodrigo.org\/blog3\/inauguracion-exposicion-san-francisco\/","title":{"rendered":"Inauguraci\u00f3n Exposici\u00f3n &#8216;San Francisco&#8217;"},"content":{"rendered":"<p style=\"text-align: center;\"><b><span style=\"color: #3366ff; font-size: 18px;\"><a href=\"http:\/\/www.diocesisciudadrodrigo.org\/blog3\/?attachment_id=2699\" rel=\"attachment wp-att-2699\"><img class=\" wp-image-2699 aligncenter\" alt=\"P1730338\" src=\"http:\/\/www.diocesisciudadrodrigo.org\/blog3\/wp-content\/uploads\/2014\/07\/P1730338-800x600.jpg\" width=\"400\" srcset=\"https:\/\/www.diocesisciudadrodrigo.org\/blog3\/wp-content\/uploads\/2014\/07\/P1730338-800x600.jpg 800w, https:\/\/www.diocesisciudadrodrigo.org\/blog3\/wp-content\/uploads\/2014\/07\/P1730338-300x225.jpg 300w\" sizes=\"(max-width: 800px) 100vw, 800px\" \/><\/a>Ra\u00fal Berzosa: \u00abLa Providencia ha dispuesto el a\u00f1o franciscano como un verdadero regalo para este pueblo y para esta tierra\u00bb<\/span>\u00a0<\/b><\/p>\n<p>Queridos todos: Comienzo estas breves palabras, transcribiendo a su vez, las del Cardenal Gianfranco Ravasi, Presidente del Pontificio Consejo para la Cultura, que nos llegaron el d\u00eda 9 de julio: <i>\u201cRecib\u00ed su carta del pasado 18 de Junio\u2026 Como comprender\u00e1, a tan poca distancia de la inauguraci\u00f3n, me es de todo punto imposible participar en ella. El Consejo estar\u00e1 suficientemente representado por usted, que es miembro de \u00e9l y as\u00ed podr\u00e1 decirlo a los presentes en sus palabras de saludo\u2026 En su carta me solicitaba tambi\u00e9n el patrocino del Consejo para esta muestra; petici\u00f3n que, viniendo de usted, acojo con mucho gusto. Toda iniciativa orientada a poner de relieve el patrimonio art\u00edstico de la Iglesia como expresi\u00f3n de una fe que se ha hecho cultura, puede contar con el apoyo de este Consejo. Es la \u201cvia pulchritudinis\u201d, la belleza como camino de evangelizaci\u00f3n, para hablar a los hombres de Dios y para acercar a Dios a los hombres a trav\u00e9s de las manifestaciones del arte\u201d.<\/i>Hasta aqu\u00ed las palabras del querido Cardenal Ravasi.<!--more--><\/p>\n<p>He vuelto a leer, durante los \u00faltimos meses, el afamado libro de E.LECLERC,<i>La sabidur\u00eda de un pobre (Edit. <\/i>Marova, Madrid 1970). Me ha sorprendido su viva actualidad. En \u00e9l se afirma que <i>\u201c<\/i><i>Dios permite las crisis y las pruebas terribles (individuales y comunitarias), con sentimientos incluso de fracaso. Y Dios nos espera ah\u00ed para unapurificaci\u00f3n (p. 23)\u201d.<\/i> Y, un poco m\u00e1s adelante: <i>\u201cDios mismo sigue llevando adelante su obra; todo hay que interpretarlo desde la par\u00e1bola del trigo y la ciza\u00f1a: el Se\u00f1or los deja crecer juntos\u2026Dios no participa de nuestros miedos ni de nuestro orgullo ni de nuestras impaciencias. Sabe esperar como s\u00f3lo Dios sabe esperar, como un Padre espera. Espera siempre hasta el fin. Porque, aunque haya basura, recoge siempre m\u00e1s trigo que ciza\u00f1a. Dios no mira las apariencias sino \u201ccon ojos y tiempo\u201d de misericordia\u2026 El tiempo de Dios no es como el nuestro. El tiempo de Dios envuelve y abraza todo y a todos de forma diferente. El coraz\u00f3n de Dios no late al mismo ritmo que el nuestro. Tiene su propio movimiento: el de su eterna misericordia que no envejece nunca y que se extiende de edad en edad. Para vivir en el tiempo de Dios hay que tener el coraz\u00f3n mismo de Dios. La sabidur\u00eda est\u00e1 en este secreto: aprender a vivir el tiempo de Dios <\/i>(pp.81-82).<\/p>\n<p>\u00bfA d\u00f3nde deseo llegar con esta larga cita? -Para algunos, Verano es sin\u00f3nimo de vacaciones. Por desgracia, este a\u00f1o, muchos no podr\u00e1n permitirse el gozar de unos d\u00edas de descanso y de cambio de ambiente y de gentes. La crisis sigue azotando a la mayor\u00eda de nuestras familias, empresas y comercios. Y, como de las debilidades y los retos hay que sacar fortalezas y alternativas, los mirobrigenses-civitatenses tendremos \u201ceventos de lujo\u201d durante los meses estivales: conciertos, conferencias y actividades culturales ricas y variadas. Y una exposici\u00f3n de verdadero lujo: Francisco. La Providencia ha dispuesto el a\u00f1o franciscano como un verdadero regalo para este pueblo y para esta tierra. \u00a1Que sepamos aprovecharlo y enriquecernos!&#8230;No s\u00f3lo materialmente, sino cultural y espiritualmente.<\/p>\n<p>Muchas gracias, hoy y en este lugar, a quienes han hecho posible este evento de arte y de fe. Ha sido un milagro: \u201cmuchos pocos, para entrelazar un mucho\u201d. Gracias especialmente a los Comisarios de la Exposici\u00f3n (D. Juan Carlos S\u00e1nchez y D. Eduardo Azofra), a la Diputaci\u00f3n Provincial, a la empresa Feltreros, y a todos cuantos han colaborado y colaboran bajo el paraguas de la Fundaci\u00f3n Ciudad Rodrigo. Entre todos hacemos posible \u201cno\u201d el que se olvide la memoria de San Francisco por nuestra tierra \u2013 que nunca se ha olvidado- pero \u201cs\u00ed\u201d el que se le ame mucho m\u00e1s y el que nuestra ciudad y Di\u00f3cesis sigan siendo bendecidas por \u00e9l. \u00a1Paz y bien a todos! \u00a1Disfrutad de esta belleza y de su mensaje! \u00a0\u00a0\u00a0\u00a0\u00a0\u00a0\u00a0\u00a0\u00a0\u00a0<b>+ Ra\u00fal, Obispo de Ciudad Rodrigo<\/b><\/p>\n","protected":false},"excerpt":{"rendered":"<p>Ra\u00fal Berzosa: \u00abLa Providencia ha dispuesto el a\u00f1o franciscano como un verdadero regalo para este pueblo y para esta tierra\u00bb\u00a0 Queridos todos: Comienzo estas breves palabras, transcribiendo a su vez, las del Cardenal Gianfranco Ravasi, Presidente del Pontificio Consejo para la Cultura, que nos llegaron el d\u00eda 9 de julio: \u201cRecib\u00ed su carta del pasado &#8230; <a title=\"Inauguraci\u00f3n Exposici\u00f3n &#8216;San Francisco&#8217;\" class=\"read-more\" href=\"https:\/\/www.diocesisciudadrodrigo.org\/blog3\/inauguracion-exposicion-san-francisco\/\" aria-label=\"M\u00e1s en Inauguraci\u00f3n Exposici\u00f3n &#8216;San Francisco&#8217;\">Leer m\u00e1s<\/a><\/p>\n","protected":false},"author":4,"featured_media":0,"comment_status":"closed","ping_status":"closed","sticky":false,"template":"","format":"standard","meta":[],"categories":[3],"tags":[],"_links":{"self":[{"href":"https:\/\/www.diocesisciudadrodrigo.org\/blog3\/wp-json\/wp\/v2\/posts\/2698"}],"collection":[{"href":"https:\/\/www.diocesisciudadrodrigo.org\/blog3\/wp-json\/wp\/v2\/posts"}],"about":[{"href":"https:\/\/www.diocesisciudadrodrigo.org\/blog3\/wp-json\/wp\/v2\/types\/post"}],"author":[{"embeddable":true,"href":"https:\/\/www.diocesisciudadrodrigo.org\/blog3\/wp-json\/wp\/v2\/users\/4"}],"replies":[{"embeddable":true,"href":"https:\/\/www.diocesisciudadrodrigo.org\/blog3\/wp-json\/wp\/v2\/comments?post=2698"}],"version-history":[{"count":1,"href":"https:\/\/www.diocesisciudadrodrigo.org\/blog3\/wp-json\/wp\/v2\/posts\/2698\/revisions"}],"predecessor-version":[{"id":2700,"href":"https:\/\/www.diocesisciudadrodrigo.org\/blog3\/wp-json\/wp\/v2\/posts\/2698\/revisions\/2700"}],"wp:attachment":[{"href":"https:\/\/www.diocesisciudadrodrigo.org\/blog3\/wp-json\/wp\/v2\/media?parent=2698"}],"wp:term":[{"taxonomy":"category","embeddable":true,"href":"https:\/\/www.diocesisciudadrodrigo.org\/blog3\/wp-json\/wp\/v2\/categories?post=2698"},{"taxonomy":"post_tag","embeddable":true,"href":"https:\/\/www.diocesisciudadrodrigo.org\/blog3\/wp-json\/wp\/v2\/tags?post=2698"}],"curies":[{"name":"wp","href":"https:\/\/api.w.org\/{rel}","templated":true}]}}