{"id":2695,"date":"2014-07-14T07:11:35","date_gmt":"2014-07-14T07:11:35","guid":{"rendered":"http:\/\/www.diocesisciudadrodrigo.org\/blog3\/?p=2695"},"modified":"2014-07-14T07:11:35","modified_gmt":"2014-07-14T07:11:35","slug":"dia-del-misionero","status":"publish","type":"post","link":"https:\/\/www.diocesisciudadrodrigo.org\/blog3\/dia-del-misionero\/","title":{"rendered":"D\u00eda del Misionero"},"content":{"rendered":"<p><span style=\"color: #3366ff; font-size: 18px;\"><b>\u00a0<\/b><\/span><\/p>\n<p><span style=\"color: #3366ff; font-size: 18px;\"><b><a href=\"http:\/\/www.diocesisciudadrodrigo.org\/blog3\/?attachment_id=2696\" rel=\"attachment wp-att-2696\"><img class=\" wp-image-2696 alignleft\" alt=\"GetAttachment (1)\" src=\"http:\/\/www.diocesisciudadrodrigo.org\/blog3\/wp-content\/uploads\/2014\/07\/GetAttachment-1.jpg\" width=\"300\" \/><\/a>Ra\u00fal Berzosa: \u00abHay que amar al hermano de verdad y en concreto porque cada persona es digna por s\u00ed misma; se trata de ser misionero en un pueblo y en una tierra concretos. Incluso all\u00ed donde vivimos ahora\u00bb<\/b><\/span><\/p>\n<p>Queridos todos, especialmente queridos misioneros y familiares de nuestros misioneros:<\/p>\n<p>Las lecturas de este d\u00e9cimo quinto domingo del tiempo ordinario nos ha recordado hermosas realidades. En la primera, del profeta Isa\u00edas, que la lluvia, como la Palabra de Dios, hacen germinar y fecundar la tierra. Por eso, el Salmo 64, nos ha pedido que seamos tierra buena para dar mucho fruto. Lo mismo que el Evangelio de San Mateo. Y, en la segunda, de la Carta a los Romanos, que la creaci\u00f3n est\u00e1 expectante aguardando la plena manifestaci\u00f3n de los hijos de Dios. Volviendo la mirada a la primera lectura, al Salmo y al Evangelio, me atrevo a formular una frase: <i>\u201cLa palabra germina cuando el coraz\u00f3n est\u00e1 disponible\u201d.<\/i> As\u00ed es el coraz\u00f3n de nuestros misioneros y, as\u00ed, tiene que ser nuestro coraz\u00f3n.<\/p>\n<p>Saludo muy especialmente hoy a los 300 misioneros de la Di\u00f3cesis de Salamanca, y a los 40 de la nuestra, repartidos por todo el mundo. Hoy y aqu\u00ed est\u00e1n presentes entre nosotros: Andrea Alfajeme, dominica del Rosario y misionera en Bolivia; Teresa Herero, comboniana y\u00a0 misionera en Ecuador; Felisa Garc\u00eda, religiosa de Nuestra Se\u00f1ora de Africa y misionera en Burundi;\u00a0 Manoli Fraile, de las Misioneras de la Providencia y ejerciendo en Per\u00fa; Eugenia Rivas, Sierva de San Jos\u00e9 y misionera en Argentina; Nieves Fonseca, Carmelita en Brasil; Francisco Javier Olivera, sacerdote secular y misionero en Jap\u00f3n, China y Mongolia; Jose Luis Calvo, sacerdote secular y misionero en Per\u00fa. Les damos las gracias por su vida y testimonio y les decimos que se sientan en casa porque, como reza, el lema de este encuentro: <i>\u201cTodos somos enviados con ellos y en ellos\u201d.<\/i> Por ellos, por nuestros misioneros, nuestras Di\u00f3cesis se agrandan y se abren verdaderamente a la catolicidad. Agradecemos, tambi\u00e9n, la presencia entre nosotros \u00a0de D. Juan Robles, y de D. Jose Mar\u00eda Rodr\u00edguez Veleiro, Delegados de Misiones de Salamanca y de Ciudad Rodrigo, respectivamente. Gracias, tambi\u00e9n, a cuantos colabor\u00e1is m\u00e1s estrechamente con ellos. Y, tambi\u00e9n, un agradecimiento sincero a los familiares de nuestros misioneros que hoy est\u00e1n entre nosotros: a los padres de Bel\u00e9n, misionera Idente en M\u00e9xico. A los padres de David, dominco en Singapur. A los padres de Luis Fran, agustino en Panam\u00e1. Y a la madre de Tere, comboniana en Ecuador y a los padres de Teresa y Chus, misioneras en India y Zambia. Decidles, cuando os comuniqu\u00e9is con ellos, que han estado muy presentes en nuestra celebraci\u00f3n.<!--more--><\/p>\n<p>En este hermosa ma\u00f1ana de convivencia os dedico algunas palabras del Papa Francisco, de su exhortaci\u00f3n <i>Evangelii Gaudium.<\/i> En ella se nos habla de ser todos, tanto en nuestras iglesias diocesanas como all\u00ed donde se nos env\u00ede, \u201cevangelizadores con esp\u00edritu\u201d. Quiere decir evangelizadores que se abren sin temor a la acci\u00f3n del Esp\u00edritu Santo. Cuando se dice que algo tiene \u00abesp\u00edritu\u00bb, esto suele indicar unos m\u00f3viles interiores que impulsan, motivan, alientan y dan sentido a la acci\u00f3n personal y comunitaria.<\/p>\n<p>Damos un paso m\u00e1s, y nos atrevemos a preguntar al Santo Padre, \u00bfc\u00f3mo son los verdaderos evangelizadores con esp\u00edritu? <i>-Evangelizadores con Esp\u00edritu quiere decir, en primer lugar, evangelizadores que oran y trabajan y que han tenido experiencia de un <\/i><i>encuentro personal con el amor de Jes\u00fas que nos salva<\/i><i>. <\/i>La primera motivaci\u00f3n para evangelizar es el amor de Jes\u00fas que hemos recibido. Si no sentimos el intenso deseo de comunicar a Jes\u00fas, necesitamos orar mucho m\u00e1s para pedirle que vuelva a cautivarnos. No se puede perseverar en una evangelizaci\u00f3n fervorosa si uno no sigue convencido, por experiencia propia, de que no es lo mismo haber conocido a Jes\u00fas que no conocerlo, no es lo mismo caminar con \u00c9l que caminar a tientas, no es lo mismo poder escucharlo que ignorar su Palabra, no es lo mismo poder contemplarlo, adorarlo, descansar en \u00c9l, que no poder hacerlo. No es lo mismo tratar de construir el mundo con su Evangelio que hacerlo s\u00f3lo con la propia raz\u00f3n.<\/p>\n<p>Unidos a Jes\u00fas, buscamos lo que \u00c9l busca, amamos lo que \u00c9l ama. En definitiva, lo que buscamos es la gloria del Padre (<i>Ef<\/i>1,6). Se trata de la gloria del Padre que Jes\u00fas busc\u00f3 durante toda su existencia (<i>Jn<\/i>15,8).<\/p>\n<p><i>Para ser evangelizadores con esp\u00edritu, en segundo lugar, hace falta desarrollar el gusto espiritual de ser pueblo, de estar cerca de la vida de la gente. <\/i>La misi\u00f3n es una pasi\u00f3n por Jes\u00fas pero, al mismo tiempo, una pasi\u00f3n por su pueblo. Nos toma de en medio del pueblo y nos env\u00eda al pueblo, de tal modo que nuestra identidad no se entiende sin esta pertenencia. Jes\u00fas mismo es el modelo de esta opci\u00f3n evangelizadora que nos introduce en el coraz\u00f3n del pueblo:<\/p>\n<p>Si hablaba con alguien, miraba sus ojos con una profunda atenci\u00f3n amorosa: \u00ab Jes\u00fas lo mir\u00f3 con cari\u00f1o \u00bb (<i>Mc <\/i>10,21). Lo vemos accesible cuando se acerca al ciego del camino (cf. <i>Mc<\/i> 10,46-52)y cuando come y bebe con los pecadores (cf. <i>Mc <\/i>2,16); sin importarle que lo traten de comil\u00f3n y borracho (cf. <i>Mt <\/i>11,19).Lo vemos disponible cuando deja que una mujer prostituta unja sus pies (cf. <i>Lc<\/i>7,36-50); o cuando recibe de noche a Nicodemo (cf. <i>Jn<\/i>3,1-15).La entrega de Jes\u00fas en la cruz no es m\u00e1s que la culminaci\u00f3n de ese estilo que marc\u00f3 toda su existencia.<\/p>\n<p>Todo ello nos lleva a tocar las llagas de Jes\u00fas, su carne herida, la miseria humana. Jes\u00fas quiere que toquemos la miseria humana, que toquemos la carne sufriente de los dem\u00e1s. Cuando lo hacemos, la vida siempre se nos complica maravillosamente y vivimos la intensa experiencia de ser pueblo, la experiencia de pertenecer a un pueblo.<\/p>\n<p><i>En tercer lugar, se nos pide, que seamos predicadores de la ternura y de la esperanza.<\/i> No como enemigos que se\u00f1alan y condenan. <i>S<\/i>e nos exhorta a tratar de vencer \u00ab el mal con el bien \u00bb (<i>Rm<\/i>12,21), sin cansarnos \u00ab de hacer el bien \u00bb (<i>Ga <\/i>6,9) y sin pretender aparecer como superiores, sino \u00ab considerando a los dem\u00e1s como superiores a uno mismo \u00bb (<i>Flp<\/i>2,3). <b><i><\/i><\/b><\/p>\n<p>En definitiva, hay que amar al hermano de verdad y en concreto porque cada persona es digna por s\u00ed misma; se trata de ser misionero en un pueblo y en una tierra concretos. Incluso all\u00ed donde vivimos ahora. La misi\u00f3n en el coraz\u00f3n no es una parte de mi vida, o un adorno que me puedo quitar; no es un ap\u00e9ndice o un momento m\u00e1s de la existencia. Es la esencia de mi ser y de mi vivir como cristiano.<\/p>\n<p>Finalmente, ser evangelizador con esp\u00edritu, implica no rendirse ante las dificultades y los cansancios\u2026<\/p>\n<p>Puede suceder que el coraz\u00f3n se canse de luchar porque en definitiva se busca a s\u00ed mismo, sediento de reconocimientos, aplausos, premios, puestos; entonces, uno ya no tiene garra, le falta resurrecci\u00f3n, y el Evangelio queda sepultado debajo de muchas excusas. Por eso, hay que creer que el resucitado act\u00faa siempre en nuestra vida, tener \u201csentido del misterio\u201d y creer que el Esp\u00edritu Santo viene en ayuda de nuestra debilidad. Ese mismo Esp\u00edritu que har\u00e1 hoy el milagro de convertir el Pan y el Vino en el Cuerpo y Sangre de nuestro Se\u00f1or Jesucristo. \u00a1Gracias, hermanos y hermanas, por vuestra entrega y generosidad misionera! No os cans\u00e9is nunca de misionar con esp\u00edritu. Y, los que est\u00e1is en tierras lejanas, sentiros siempre \u00a0enviados por vuestras comunidades. \u00a1Os apoyaremos siempre! \u00a1Nos encomendamos a vuestra oraci\u00f3n! \u00a1Muy unidos en la Eucarist\u00eda de cada d\u00eda! Que la Virgen Mar\u00eda, estrella de la evangelizaci\u00f3n, interceda por todos nosotros. As\u00ed sea.<\/p>\n<p>&nbsp;<\/p>\n<p><b>+ Ra\u00fal, Obispo de Ciudad Rodrigo<\/b><\/p>\n","protected":false},"excerpt":{"rendered":"<p>\u00a0 Ra\u00fal Berzosa: \u00abHay que amar al hermano de verdad y en concreto porque cada persona es digna por s\u00ed misma; se trata de ser misionero en un pueblo y en una tierra concretos. Incluso all\u00ed donde vivimos ahora\u00bb Queridos todos, especialmente queridos misioneros y familiares de nuestros misioneros: Las lecturas de este d\u00e9cimo quinto &#8230; <a title=\"D\u00eda del Misionero\" class=\"read-more\" href=\"https:\/\/www.diocesisciudadrodrigo.org\/blog3\/dia-del-misionero\/\" aria-label=\"M\u00e1s en D\u00eda del Misionero\">Leer m\u00e1s<\/a><\/p>\n","protected":false},"author":4,"featured_media":0,"comment_status":"closed","ping_status":"closed","sticky":false,"template":"","format":"standard","meta":[],"categories":[63],"tags":[],"_links":{"self":[{"href":"https:\/\/www.diocesisciudadrodrigo.org\/blog3\/wp-json\/wp\/v2\/posts\/2695"}],"collection":[{"href":"https:\/\/www.diocesisciudadrodrigo.org\/blog3\/wp-json\/wp\/v2\/posts"}],"about":[{"href":"https:\/\/www.diocesisciudadrodrigo.org\/blog3\/wp-json\/wp\/v2\/types\/post"}],"author":[{"embeddable":true,"href":"https:\/\/www.diocesisciudadrodrigo.org\/blog3\/wp-json\/wp\/v2\/users\/4"}],"replies":[{"embeddable":true,"href":"https:\/\/www.diocesisciudadrodrigo.org\/blog3\/wp-json\/wp\/v2\/comments?post=2695"}],"version-history":[{"count":1,"href":"https:\/\/www.diocesisciudadrodrigo.org\/blog3\/wp-json\/wp\/v2\/posts\/2695\/revisions"}],"predecessor-version":[{"id":2697,"href":"https:\/\/www.diocesisciudadrodrigo.org\/blog3\/wp-json\/wp\/v2\/posts\/2695\/revisions\/2697"}],"wp:attachment":[{"href":"https:\/\/www.diocesisciudadrodrigo.org\/blog3\/wp-json\/wp\/v2\/media?parent=2695"}],"wp:term":[{"taxonomy":"category","embeddable":true,"href":"https:\/\/www.diocesisciudadrodrigo.org\/blog3\/wp-json\/wp\/v2\/categories?post=2695"},{"taxonomy":"post_tag","embeddable":true,"href":"https:\/\/www.diocesisciudadrodrigo.org\/blog3\/wp-json\/wp\/v2\/tags?post=2695"}],"curies":[{"name":"wp","href":"https:\/\/api.w.org\/{rel}","templated":true}]}}