{"id":2690,"date":"2014-07-09T08:01:17","date_gmt":"2014-07-09T08:01:17","guid":{"rendered":"http:\/\/www.diocesisciudadrodrigo.org\/blog3\/?p=2690"},"modified":"2014-07-10T07:22:56","modified_gmt":"2014-07-10T07:22:56","slug":"encuentro-2","status":"publish","type":"post","link":"https:\/\/www.diocesisciudadrodrigo.org\/blog3\/encuentro-2\/","title":{"rendered":"Encuentro"},"content":{"rendered":"<p><span style=\"font-size: 18px;\"><strong><span style=\"color: #3366ff;\"><a href=\"http:\/\/www.diocesisciudadrodrigo.org\/blog3\/?attachment_id=2691\" rel=\"attachment wp-att-2691\"><img class=\" wp-image-2691 alignright\" alt=\"GetAttachment\" src=\"http:\/\/www.diocesisciudadrodrigo.org\/blog3\/wp-content\/uploads\/2014\/07\/GetAttachment.jpg\" width=\"300\" \/><\/a>El obispo y los vicarios de la di\u00f3cesis participan en el encuentro anual de Iglesia en Castilla celebrado en Palencia<\/span><\/strong><\/span><\/p>\n<p>El obispo de la di\u00f3cesis, Mons. Ra\u00fal Berzosa, los vicarios general, D. Tom\u00e1s Mu\u00f1oz Porras, y de Pastoral, D. Jos\u00e9 Manuel Vidriales, han participado los d\u00edas 6 y 7 de julio en el encuentro anual que celebran los obispos de Iglesia en Castilla y que en esta edici\u00f3n ha tenido lugar en Palencia.<\/p>\n<p>El primer d\u00eda se centr\u00f3 en asuntos relacionados con la programaci\u00f3n y acciones de Iglesia en Castilla y el segundo, m\u00e1s de convivencia, permiti\u00f3 a los participantes celebrar una eucarist\u00eda en San Mart\u00edn de Fr\u00f3mista, visitar la Villa Romana de La Olmeda y Carri\u00f3n de los Condes.<\/p>\n","protected":false},"excerpt":{"rendered":"<p>El obispo y los vicarios de la di\u00f3cesis participan en el encuentro anual de Iglesia en Castilla celebrado en Palencia El obispo de la di\u00f3cesis, Mons. Ra\u00fal Berzosa, los vicarios general, D. Tom\u00e1s Mu\u00f1oz Porras, y de Pastoral, D. Jos\u00e9 Manuel Vidriales, han participado los d\u00edas 6 y 7 de julio en el encuentro anual &#8230; <a title=\"Encuentro\" class=\"read-more\" href=\"https:\/\/www.diocesisciudadrodrigo.org\/blog3\/encuentro-2\/\" aria-label=\"M\u00e1s en Encuentro\">Leer m\u00e1s<\/a><\/p>\n","protected":false},"author":4,"featured_media":0,"comment_status":"closed","ping_status":"closed","sticky":false,"template":"","format":"standard","meta":[],"categories":[3],"tags":[],"_links":{"self":[{"href":"https:\/\/www.diocesisciudadrodrigo.org\/blog3\/wp-json\/wp\/v2\/posts\/2690"}],"collection":[{"href":"https:\/\/www.diocesisciudadrodrigo.org\/blog3\/wp-json\/wp\/v2\/posts"}],"about":[{"href":"https:\/\/www.diocesisciudadrodrigo.org\/blog3\/wp-json\/wp\/v2\/types\/post"}],"author":[{"embeddable":true,"href":"https:\/\/www.diocesisciudadrodrigo.org\/blog3\/wp-json\/wp\/v2\/users\/4"}],"replies":[{"embeddable":true,"href":"https:\/\/www.diocesisciudadrodrigo.org\/blog3\/wp-json\/wp\/v2\/comments?post=2690"}],"version-history":[{"count":3,"href":"https:\/\/www.diocesisciudadrodrigo.org\/blog3\/wp-json\/wp\/v2\/posts\/2690\/revisions"}],"predecessor-version":[{"id":2693,"href":"https:\/\/www.diocesisciudadrodrigo.org\/blog3\/wp-json\/wp\/v2\/posts\/2690\/revisions\/2693"}],"wp:attachment":[{"href":"https:\/\/www.diocesisciudadrodrigo.org\/blog3\/wp-json\/wp\/v2\/media?parent=2690"}],"wp:term":[{"taxonomy":"category","embeddable":true,"href":"https:\/\/www.diocesisciudadrodrigo.org\/blog3\/wp-json\/wp\/v2\/categories?post=2690"},{"taxonomy":"post_tag","embeddable":true,"href":"https:\/\/www.diocesisciudadrodrigo.org\/blog3\/wp-json\/wp\/v2\/tags?post=2690"}],"curies":[{"name":"wp","href":"https:\/\/api.w.org\/{rel}","templated":true}]}}