{"id":2686,"date":"2014-07-08T08:29:44","date_gmt":"2014-07-08T08:29:44","guid":{"rendered":"http:\/\/www.diocesisciudadrodrigo.org\/blog3\/?p=2686"},"modified":"2014-07-08T08:29:44","modified_gmt":"2014-07-08T08:29:44","slug":"exposicion-san-francisco-2","status":"publish","type":"post","link":"https:\/\/www.diocesisciudadrodrigo.org\/blog3\/exposicion-san-francisco-2\/","title":{"rendered":"Exposici\u00f3n San Francisco"},"content":{"rendered":"<p style=\"text-align: center;\"><a href=\"http:\/\/www.diocesisciudadrodrigo.org\/blog3\/?attachment_id=2687\" rel=\"attachment wp-att-2687\"><img class=\" wp-image-2687 aligncenter\" alt=\"DSC_0209\" src=\"http:\/\/www.diocesisciudadrodrigo.org\/blog3\/wp-content\/uploads\/2014\/07\/DSC_0209-800x533.jpg\" width=\"400\" srcset=\"https:\/\/www.diocesisciudadrodrigo.org\/blog3\/wp-content\/uploads\/2014\/07\/DSC_0209-800x533.jpg 800w, https:\/\/www.diocesisciudadrodrigo.org\/blog3\/wp-content\/uploads\/2014\/07\/DSC_0209-300x200.jpg 300w\" sizes=\"(max-width: 800px) 100vw, 800px\" \/><\/a><\/p>\n<p style=\"text-align: center;\"><span style=\"color: #3366ff;\"><strong><span style=\"font-size: 18px;\">Jer\u00f3nimo Prieto crea una obra para la muestra<\/span><\/strong><\/span><\/p>\n<p style=\"text-align: center;\">El Seminario Diocesano San Cayetano ha encargado, con motivo del A\u00f1o Franciscano un cuadro a su antiguo alumno Jer\u00f3nimo Prieto. Este cuadro forma parte de las obras exhibidas en la exposici\u00f3n \u201cSan Francisco\u201d y ha sido presentado por vez primera en la tarde del 7 de Julio de 2014, con la presencia del autor Jer\u00f3nimo Prieto, as\u00ed como de los comisarios de la muestra Juan Carlos S\u00e1nchez y Eduardo Azofra. El cuadro es un \u00f3leo (1,85&#215;1,30cm.) sobre lienzo titulado \u201cSan Francisco predicando en el postigo del Alba de la Catedral de Ciudad Rodrigo\u201d, en \u00e9l se puede ver a San Francisco predicando junto al postigo del Alba de la Catedral de Ciudad Rodrigo, en obras. Entre las personas que aparecen el cuadro, se ha representado al obispo Mons. Cayetano Cuadrillero y Mota, fundador del Seminario, y al obispo actual, Mons. Ra\u00fal Berzosa. En el fondo, tambi\u00e9n aparece un autorretrato del autor. La obra es una adquisici\u00f3n del Seminario San Cayetano, pagado por los Antiguos Alumnos del Seminario y ser\u00e1 colocado en el altar mayor de la capilla del Seminario, en la parte superior, en sustituci\u00f3n de otro cuadro de menor calidad.<!--more-->P\u00e1gina Web y App sobre la exposici\u00f3n.\u00a0<em id=\"__mceDel\"><em id=\"__mceDel\"><em id=\"__mceDel\">Con motivo de la exposici\u00f3n \u201cSan Francisco\u201d, organizada con motivo de A\u00f1o Franciscano en Ciudad Rodrigo (800 aniversario del paso de San Francisco de As\u00eds por Ciudad Rodrigo), se ha realizado una p\u00e1gina Web denominada www.expofrancisco.com que ya se encuentra disponible, al igual que una Aplicaci\u00f3n para m\u00f3vil y Tablet que ya se puede descargar en Google Play y que incluye todos los horarios y actividades relacionadas con esta muestra<\/em><\/em><\/em><\/p>\n","protected":false},"excerpt":{"rendered":"<p>Jer\u00f3nimo Prieto crea una obra para la muestra El Seminario Diocesano San Cayetano ha encargado, con motivo del A\u00f1o Franciscano un cuadro a su antiguo alumno Jer\u00f3nimo Prieto. Este cuadro forma parte de las obras exhibidas en la exposici\u00f3n \u201cSan Francisco\u201d y ha sido presentado por vez primera en la tarde del 7 de Julio &#8230; <a title=\"Exposici\u00f3n San Francisco\" class=\"read-more\" href=\"https:\/\/www.diocesisciudadrodrigo.org\/blog3\/exposicion-san-francisco-2\/\" aria-label=\"M\u00e1s en Exposici\u00f3n San Francisco\">Leer m\u00e1s<\/a><\/p>\n","protected":false},"author":4,"featured_media":0,"comment_status":"closed","ping_status":"closed","sticky":false,"template":"","format":"standard","meta":[],"categories":[3],"tags":[],"_links":{"self":[{"href":"https:\/\/www.diocesisciudadrodrigo.org\/blog3\/wp-json\/wp\/v2\/posts\/2686"}],"collection":[{"href":"https:\/\/www.diocesisciudadrodrigo.org\/blog3\/wp-json\/wp\/v2\/posts"}],"about":[{"href":"https:\/\/www.diocesisciudadrodrigo.org\/blog3\/wp-json\/wp\/v2\/types\/post"}],"author":[{"embeddable":true,"href":"https:\/\/www.diocesisciudadrodrigo.org\/blog3\/wp-json\/wp\/v2\/users\/4"}],"replies":[{"embeddable":true,"href":"https:\/\/www.diocesisciudadrodrigo.org\/blog3\/wp-json\/wp\/v2\/comments?post=2686"}],"version-history":[{"count":2,"href":"https:\/\/www.diocesisciudadrodrigo.org\/blog3\/wp-json\/wp\/v2\/posts\/2686\/revisions"}],"predecessor-version":[{"id":2689,"href":"https:\/\/www.diocesisciudadrodrigo.org\/blog3\/wp-json\/wp\/v2\/posts\/2686\/revisions\/2689"}],"wp:attachment":[{"href":"https:\/\/www.diocesisciudadrodrigo.org\/blog3\/wp-json\/wp\/v2\/media?parent=2686"}],"wp:term":[{"taxonomy":"category","embeddable":true,"href":"https:\/\/www.diocesisciudadrodrigo.org\/blog3\/wp-json\/wp\/v2\/categories?post=2686"},{"taxonomy":"post_tag","embeddable":true,"href":"https:\/\/www.diocesisciudadrodrigo.org\/blog3\/wp-json\/wp\/v2\/tags?post=2686"}],"curies":[{"name":"wp","href":"https:\/\/api.w.org\/{rel}","templated":true}]}}