{"id":2563,"date":"2014-04-14T08:03:57","date_gmt":"2014-04-14T08:03:57","guid":{"rendered":"http:\/\/www.diocesisciudadrodrigo.org\/blog3\/?p=2563"},"modified":"2014-04-14T08:15:56","modified_gmt":"2014-04-14T08:15:56","slug":"semana-santa","status":"publish","type":"post","link":"https:\/\/www.diocesisciudadrodrigo.org\/blog3\/semana-santa\/","title":{"rendered":"Semana Santa"},"content":{"rendered":"<p style=\"text-align: center;\"><a href=\"http:\/\/www.diocesisciudadrodrigo.org\/blog3\/?attachment_id=2564\" rel=\"attachment wp-att-2564\"><img class=\" wp-image-2564 aligncenter\" alt=\"DSC_0960\" src=\"http:\/\/www.diocesisciudadrodrigo.org\/blog3\/wp-content\/uploads\/2014\/04\/DSC_0960-800x533.jpg\" width=\"400\" srcset=\"https:\/\/www.diocesisciudadrodrigo.org\/blog3\/wp-content\/uploads\/2014\/04\/DSC_0960-800x533.jpg 800w, https:\/\/www.diocesisciudadrodrigo.org\/blog3\/wp-content\/uploads\/2014\/04\/DSC_0960-300x200.jpg 300w\" sizes=\"(max-width: 800px) 100vw, 800px\" \/><\/a><\/p>\n<p style=\"text-align: center;\"><strong><span style=\"font-size: 18px; color: #3366ff;\">La Pasi\u00f3n llega al Claustro de la Catedral de Santa Mar\u00eda<\/span><\/strong><\/p>\n<p>De la mano del departamento de Evangelizaci\u00f3n y Nuevas Tecnolog\u00edas, la representaci\u00f3n de la Pasi\u00f3n recal\u00f3 la noche del domingo en el claustro de la Catedral de Santa Mar\u00eda. Un total de 40 j\u00f3venes participan en esta cita, que el s\u00e1bado se represent\u00f3 en Serranillo y que el martes d\u00eda 15, tendr\u00e1n oportunidad de ver los vecinos de Sancti Sp\u00edritus. En este 2014, la Pasi\u00f3n de la di\u00f3cesis de Ciudad Rodrigo cumple 20 a\u00f10s.<!--more--><a href=\"http:\/\/www.diocesisciudadrodrigo.org\/blog3\/?attachment_id=2569\" rel=\"attachment wp-att-2569\"><img class=\" wp-image-2569 alignleft\" alt=\"DSC_0947\" src=\"http:\/\/www.diocesisciudadrodrigo.org\/blog3\/wp-content\/uploads\/2014\/04\/DSC_0947-800x533.jpg\" width=\"200\" srcset=\"https:\/\/www.diocesisciudadrodrigo.org\/blog3\/wp-content\/uploads\/2014\/04\/DSC_0947-800x533.jpg 800w, https:\/\/www.diocesisciudadrodrigo.org\/blog3\/wp-content\/uploads\/2014\/04\/DSC_0947-300x200.jpg 300w\" sizes=\"(max-width: 800px) 100vw, 800px\" \/><\/a>\u00a0 \u00a0 \u00a0<a href=\"http:\/\/www.diocesisciudadrodrigo.org\/blog3\/?attachment_id=2567\" rel=\"attachment wp-att-2567\"><img class=\"alignnone  wp-image-2567\" alt=\"DSC_0923\" src=\"http:\/\/www.diocesisciudadrodrigo.org\/blog3\/wp-content\/uploads\/2014\/04\/DSC_0923-800x533.jpg\" width=\"200\" srcset=\"https:\/\/www.diocesisciudadrodrigo.org\/blog3\/wp-content\/uploads\/2014\/04\/DSC_0923-800x533.jpg 800w, https:\/\/www.diocesisciudadrodrigo.org\/blog3\/wp-content\/uploads\/2014\/04\/DSC_0923-300x200.jpg 300w\" sizes=\"(max-width: 800px) 100vw, 800px\" \/><\/a><\/p>\n","protected":false},"excerpt":{"rendered":"<p>La Pasi\u00f3n llega al Claustro de la Catedral de Santa Mar\u00eda De la mano del departamento de Evangelizaci\u00f3n y Nuevas Tecnolog\u00edas, la representaci\u00f3n de la Pasi\u00f3n recal\u00f3 la noche del domingo en el claustro de la Catedral de Santa Mar\u00eda. Un total de 40 j\u00f3venes participan en esta cita, que el s\u00e1bado se represent\u00f3 en &#8230; <a title=\"Semana Santa\" class=\"read-more\" href=\"https:\/\/www.diocesisciudadrodrigo.org\/blog3\/semana-santa\/\" aria-label=\"M\u00e1s en Semana Santa\">Leer m\u00e1s<\/a><\/p>\n","protected":false},"author":4,"featured_media":0,"comment_status":"closed","ping_status":"closed","sticky":false,"template":"","format":"standard","meta":[],"categories":[3],"tags":[],"_links":{"self":[{"href":"https:\/\/www.diocesisciudadrodrigo.org\/blog3\/wp-json\/wp\/v2\/posts\/2563"}],"collection":[{"href":"https:\/\/www.diocesisciudadrodrigo.org\/blog3\/wp-json\/wp\/v2\/posts"}],"about":[{"href":"https:\/\/www.diocesisciudadrodrigo.org\/blog3\/wp-json\/wp\/v2\/types\/post"}],"author":[{"embeddable":true,"href":"https:\/\/www.diocesisciudadrodrigo.org\/blog3\/wp-json\/wp\/v2\/users\/4"}],"replies":[{"embeddable":true,"href":"https:\/\/www.diocesisciudadrodrigo.org\/blog3\/wp-json\/wp\/v2\/comments?post=2563"}],"version-history":[{"count":3,"href":"https:\/\/www.diocesisciudadrodrigo.org\/blog3\/wp-json\/wp\/v2\/posts\/2563\/revisions"}],"predecessor-version":[{"id":2566,"href":"https:\/\/www.diocesisciudadrodrigo.org\/blog3\/wp-json\/wp\/v2\/posts\/2563\/revisions\/2566"}],"wp:attachment":[{"href":"https:\/\/www.diocesisciudadrodrigo.org\/blog3\/wp-json\/wp\/v2\/media?parent=2563"}],"wp:term":[{"taxonomy":"category","embeddable":true,"href":"https:\/\/www.diocesisciudadrodrigo.org\/blog3\/wp-json\/wp\/v2\/categories?post=2563"},{"taxonomy":"post_tag","embeddable":true,"href":"https:\/\/www.diocesisciudadrodrigo.org\/blog3\/wp-json\/wp\/v2\/tags?post=2563"}],"curies":[{"name":"wp","href":"https:\/\/api.w.org\/{rel}","templated":true}]}}