{"id":2525,"date":"2014-03-17T12:36:42","date_gmt":"2014-03-17T12:36:42","guid":{"rendered":"http:\/\/www.diocesisciudadrodrigo.org\/blog3\/?p=2525"},"modified":"2014-03-17T12:36:42","modified_gmt":"2014-03-17T12:36:42","slug":"homilia-ordenacion-anselmo-matilla","status":"publish","type":"post","link":"https:\/\/www.diocesisciudadrodrigo.org\/blog3\/homilia-ordenacion-anselmo-matilla\/","title":{"rendered":"Homil\u00eda Ordenaci\u00f3n Anselmo Matilla"},"content":{"rendered":"<p>&nbsp;<\/p>\n<p style=\"text-align: center;\"><span style=\"font-size: 18px; color: #3366ff;\"><b><a href=\"http:\/\/www.diocesisciudadrodrigo.org\/blog3\/?attachment_id=2526\" rel=\"attachment wp-att-2526\"><img class=\" wp-image-2526 aligncenter\" alt=\"DSC_1133\" src=\"http:\/\/www.diocesisciudadrodrigo.org\/blog3\/wp-content\/uploads\/2014\/03\/DSC_1133-533x800.jpg\" width=\"400\" srcset=\"https:\/\/www.diocesisciudadrodrigo.org\/blog3\/wp-content\/uploads\/2014\/03\/DSC_1133-533x800.jpg 533w, https:\/\/www.diocesisciudadrodrigo.org\/blog3\/wp-content\/uploads\/2014\/03\/DSC_1133-200x300.jpg 200w\" sizes=\"(max-width: 533px) 100vw, 533px\" \/><\/a>Ra\u00fal Berzosa: \u00abS\u00f3lo Dios te hace verdaderamente libre y feliz!\u00bb<\/b><\/span><\/p>\n<p><b>\u00a0<\/b><\/p>\n<p>Muy querido hermano en el episcopado, D. Jos\u00e9; muy queridos hermanos Vicarios Generales y sacerdotes; muy querido Anselmo; queridos Srs. Rectores de los Seminarios de Ciudad Rodrigo y del Teologado de \u00c1vila, D. Juan Carlos y D. Gaspar; querido padre espiritual, D. Antonio; queridos familiares de Anselmo; queridos profesores y alumnos de la Universidad Pontificia; queridas religiosas y seminaristas, queridos todos, especialmente los llegados de Tamames y de las parroquias a las que actualmente sirve Anselmo:<\/p>\n<p>Hoy es un d\u00eda importante para nuestra Di\u00f3cesis y, me atrevo a decir, tambi\u00e9n muy grande para toda la Iglesia. Sin olvidar lo feliz que est\u00e1n tus padres y tu hermano, querido Anselmo. La iglesia te va a ordenar di\u00e1cono. \u00bfQui\u00e9n es un diacono?&#8230; Si abrimos la Cosntituci\u00f3n <i>Lumen Gentium, n.29<\/i>, del Concilio Vaticano II, se destacan tres rasgos principales: primero, \u00a0es alguien confortado con la gracia sacramental; segunod, que tiene que vivir en comuni\u00f3n con un Obispo y un presbiterio; y, tercero, cuya misi\u00f3n es servir al pueblo de Dios en el ministerio de la liturgia, de la palabra y de la caridad. Desglosando a\u00fan m\u00e1s dicho n\u00famero, nos dir\u00e1 que, en el campo de la liturgia, el di\u00e1cono administrar\u00e1 solemnemente el Bautismo, reservar\u00e1 y distribuir\u00e1 la Eucarist\u00eda, asistir\u00e1 al sacramento del matrimonio y bendecir\u00e1 a los esposos en nombre de la Iglesia, llevar\u00e1 el Vi\u00e1tico a los enfermos, presidir\u00e1 la palabra y la oraci\u00f3n de fieles, administrar\u00e1 los sacramentales y presidir\u00e1 el rito de los funerales y sepultura. En el terreno de la palabra, como leemos en dicho n\u00famero del Vaticano II, proclamar\u00e1 la Sagrada Escritura e instruir\u00e1 y exhortar\u00e1 al Pueblo de Dios. Finalmente, en el terreno de la caridad, debe mostrarse como ense\u00f1a San Policarpo: <i>\u201cMisericordioso, diligente y servidor de todos, como el Se\u00f1or Jes\u00fas\u201d.<!--more--><\/i><\/p>\n<p>\u00a1Qu\u00e9 hermosa tarea se te encomienda, querido Anselmo! Te lo subraya a\u00fan m\u00e1s la Liturgia, en este segundo Domingo del Tiempo de Cuaresma. La primera lectura nos ha contado la vocaci\u00f3n de Abraham. T\u00fa tambi\u00e9n has sido llamado. En la segunda lectura a Timoteo se nos recuerda que Dios siempre llama, nos ilumina con su llamada y nos da fuerza para la misi\u00f3n encomendada. Como a ti te la dar\u00e1 el Esp\u00edritu. El Evangelio de San Mateo nos presenta la bella y elocuente escena del Monte Tabor. De ella, para el d\u00eda de hoy, destaco tres realidades: misterio, comuni\u00f3n y misi\u00f3n. <i>Misterio <\/i>donde se nos desvela la identidad profunda de Jesucristo: <i>\u201c!Qu\u00e9 bien se est\u00e1 aqu\u00ed!\u201d,<\/i> dir\u00e1 San Pedro. Ojal\u00e1 lo puedas decir t\u00fa siempre, querido Anselmo. <i>Comuni\u00f3n<\/i> de hermanos: de la Iglesia visible e invisible: <i>\u201cHagamos tres tiendas\u201d,<\/i> se comenta en la escena. Anselmo, s\u00e9 siempre, para tus hermanos sacerdotes, muy acogedor y servicial. <i>Misi\u00f3n,<\/i> que comporta vivir el misterio pascual, aunque suponga cruz y aunque no se entienda muy bien c\u00f3mo y por qu\u00e9. El Papa Francisco lo ha venido repitiendo: <i>\u201cNo hay verdadera misi\u00f3n sin cruz\u201d.<\/i> Pero \u00a1no tengas miedo! El paso que vas a dar hacia el presbiterado, merece la pena! \u00a1Sigue fi\u00e1ndote de Quien te ha llamado! \u00a1Que nadie te robe la alegr\u00eda y la esperanza! \u00a0Y que las palabras del Salmo Responsorial sean siempre una realidad en tu vida: <i>\u201c!Que tu misericordia, Se\u00f1or, venga sobre nosotros como esperamos de ti!\u201d.<\/i> No olvides nunca lo que ayer nos dijiste en la Vigilia vocacional, aprendido en tu adolescencia de las <i>Clarisas de Lerma<\/i>, hoy <i>Iesu Communio<\/i>: <i>\u201cS\u00f3lo Dios te hace verdaderamente libre y feliz!\u201d.<\/i> Una gran verdad.<\/p>\n<p>Y, junto al mensaje de la Palabra de Dios, en este d\u00eda, una petici\u00f3n: \u00a1S\u00e9 di\u00e1cono, d\u00eda a d\u00eda, con el estilo que nos viene marcando el Papa Francisco: abierto, delante-en medio-y detr\u00e1s de los hermanos y, siempre, servidor de los m\u00e1s pobres y de los m\u00e1s necesitados. No hace falta recordarte a ti, tan experto en lenguas, que la palabra griega \u201c<i>diakon\u00eda\u201d<\/i> significa precisamente esto: \u201cservicialidad\u201d. El Papa Francisco, en un reciente encuentro con tres mil sacerdotes romanos, les pidi\u00f3 ser e imitar al Buen Pastor; y, para ello, ser sacerdotes llenos de misericordia y de ternura, especialmente hacia los pecadores y los enfermos. Repiti\u00f3 que hay que curar las heridas de las gentes y pregunt\u00f3, con sano atrevimiento: <i>\u201c\u00bfConoc\u00e9is las heridas de vuestros parroquianos?\u201d\u2026<\/i> Yo s\u00e9, Anselmo, que en aquellas comunidades parroquiales donde has venido trabajando pastoralmente, y en el Seminario, donde impartes clases, t\u00fa s\u00ed conoces a los tuyos. No pierdas nunca esta dimensi\u00f3n de cercan\u00eda.<\/p>\n<p>Queridos seminaristas, mayores y menores, que el testimonio de Anselmo os anime a seguir adelante. Rezad mucho por \u00e9l. Y recordad su mensaje de ayer en la Vigilia: <i>\u201c!Merece la pena esta vocaci\u00f3n tan hermosa, porque merece la pena seguir a Jes\u00fas!\u201d.<\/i><\/p>\n<p>Querida familia de sangre y queridos parroquianos de Anselmo: gracias por todo lo que hab\u00e9is hechos hasta este d\u00eda por \u00e9l. Seguid acompa\u00f1\u00e1ndolo y mim\u00e1ndolo. No dej\u00e9is de continuar pidiendo por \u00e9l.<\/p>\n<p>Una \u00faltima palabra de agradecimiento sincero a los formadores y profesores de Anselmo, tanto a los de Ciudad Rodrigo como a lo de Salamanca. En este caso, comprob\u00e1is que lo sembrado est\u00e1 dando buen fruto.<\/p>\n<p>A la Sant\u00edsima Virgen Mar\u00eda, Madre de los sacerdotes, te encomiendo. El Papa Francisco me dio para ti un rosario bendecido. Cuando lo reces, pide especialmente por \u00e9l, tambi\u00e9n por este obispo que hoy te habla y por toda esta querida Di\u00f3cesis.<\/p>\n<p>Al mismo tiempo, pido la intercesi\u00f3n de todos los santos; son verdaderos hermanos mayores en nuestro caminar, no s\u00f3lo para que puedas llegar a recibir el orden del sacerdocio sino a la Jerusal\u00e9n celestial, al Seno del Dios Trinitario, que es nuestra verdadera meta y definitiva vocaci\u00f3n. Am\u00e9n.<\/p>\n<p>+ Ra\u00fal, Obispo de Ciudad Rodrigo<\/p>\n<p><a href=\"http:\/\/www.diocesisciudadrodrigo.org\/blog3\/?attachment_id=2527\" rel=\"attachment wp-att-2527\"><img class=\" wp-image-2527 alignleft\" alt=\"DSC_1135\" src=\"http:\/\/www.diocesisciudadrodrigo.org\/blog3\/wp-content\/uploads\/2014\/03\/DSC_1135-800x533.jpg\" width=\"300\" srcset=\"https:\/\/www.diocesisciudadrodrigo.org\/blog3\/wp-content\/uploads\/2014\/03\/DSC_1135-800x533.jpg 800w, https:\/\/www.diocesisciudadrodrigo.org\/blog3\/wp-content\/uploads\/2014\/03\/DSC_1135-300x200.jpg 300w\" sizes=\"(max-width: 800px) 100vw, 800px\" \/><\/a><\/p>\n","protected":false},"excerpt":{"rendered":"<p>&nbsp; Ra\u00fal Berzosa: \u00abS\u00f3lo Dios te hace verdaderamente libre y feliz!\u00bb \u00a0 Muy querido hermano en el episcopado, D. Jos\u00e9; muy queridos hermanos Vicarios Generales y sacerdotes; muy querido Anselmo; queridos Srs. Rectores de los Seminarios de Ciudad Rodrigo y del Teologado de \u00c1vila, D. Juan Carlos y D. Gaspar; querido padre espiritual, D. Antonio; &#8230; <a title=\"Homil\u00eda Ordenaci\u00f3n Anselmo Matilla\" class=\"read-more\" href=\"https:\/\/www.diocesisciudadrodrigo.org\/blog3\/homilia-ordenacion-anselmo-matilla\/\" aria-label=\"M\u00e1s en Homil\u00eda Ordenaci\u00f3n Anselmo Matilla\">Leer m\u00e1s<\/a><\/p>\n","protected":false},"author":4,"featured_media":0,"comment_status":"closed","ping_status":"closed","sticky":false,"template":"","format":"standard","meta":[],"categories":[63],"tags":[],"_links":{"self":[{"href":"https:\/\/www.diocesisciudadrodrigo.org\/blog3\/wp-json\/wp\/v2\/posts\/2525"}],"collection":[{"href":"https:\/\/www.diocesisciudadrodrigo.org\/blog3\/wp-json\/wp\/v2\/posts"}],"about":[{"href":"https:\/\/www.diocesisciudadrodrigo.org\/blog3\/wp-json\/wp\/v2\/types\/post"}],"author":[{"embeddable":true,"href":"https:\/\/www.diocesisciudadrodrigo.org\/blog3\/wp-json\/wp\/v2\/users\/4"}],"replies":[{"embeddable":true,"href":"https:\/\/www.diocesisciudadrodrigo.org\/blog3\/wp-json\/wp\/v2\/comments?post=2525"}],"version-history":[{"count":1,"href":"https:\/\/www.diocesisciudadrodrigo.org\/blog3\/wp-json\/wp\/v2\/posts\/2525\/revisions"}],"predecessor-version":[{"id":2529,"href":"https:\/\/www.diocesisciudadrodrigo.org\/blog3\/wp-json\/wp\/v2\/posts\/2525\/revisions\/2529"}],"wp:attachment":[{"href":"https:\/\/www.diocesisciudadrodrigo.org\/blog3\/wp-json\/wp\/v2\/media?parent=2525"}],"wp:term":[{"taxonomy":"category","embeddable":true,"href":"https:\/\/www.diocesisciudadrodrigo.org\/blog3\/wp-json\/wp\/v2\/categories?post=2525"},{"taxonomy":"post_tag","embeddable":true,"href":"https:\/\/www.diocesisciudadrodrigo.org\/blog3\/wp-json\/wp\/v2\/tags?post=2525"}],"curies":[{"name":"wp","href":"https:\/\/api.w.org\/{rel}","templated":true}]}}