{"id":2522,"date":"2014-03-13T15:32:28","date_gmt":"2014-03-13T15:32:28","guid":{"rendered":"http:\/\/www.diocesisciudadrodrigo.org\/blog3\/?p=2522"},"modified":"2014-03-13T15:32:28","modified_gmt":"2014-03-13T15:32:28","slug":"dia-de-san-jose","status":"publish","type":"post","link":"https:\/\/www.diocesisciudadrodrigo.org\/blog3\/dia-de-san-jose\/","title":{"rendered":"D\u00eda de San Jos\u00e9"},"content":{"rendered":"<p><a href=\"http:\/\/www.diocesisciudadrodrigo.org\/blog3\/?attachment_id=2523\" rel=\"attachment wp-att-2523\"><img class=\" wp-image-2523 alignleft\" alt=\"foto 1\" src=\"http:\/\/www.diocesisciudadrodrigo.org\/blog3\/wp-content\/uploads\/2014\/03\/foto-1-800x585.jpg\" width=\"300\" srcset=\"https:\/\/www.diocesisciudadrodrigo.org\/blog3\/wp-content\/uploads\/2014\/03\/foto-1-800x585.jpg 800w, https:\/\/www.diocesisciudadrodrigo.org\/blog3\/wp-content\/uploads\/2014\/03\/foto-1-300x219.jpg 300w, https:\/\/www.diocesisciudadrodrigo.org\/blog3\/wp-content\/uploads\/2014\/03\/foto-1.jpg 1742w\" sizes=\"(max-width: 800px) 100vw, 800px\" \/><\/a><\/p>\n<p><strong><span style=\"color: #3366ff; font-size: 18px;\">\u00a0El Seminario celebra su d\u00eda con la ordenaci\u00f3n \u00a0de Anselmo Matilla<\/span><\/strong><\/p>\n<p>\u201cEl Seminario de Ciudad Rodrigo sigue creyendo en lo posible\u201d. Con esas palabras, el rector de la instituci\u00f3n, Juan Carlos S\u00e1nchez, se refiere a este centro que cuenta con tres seminaristas mayores y 30 en el seminario menor.<\/p>\n<p>La campa\u00f1a del Seminario se presenta este a\u00f1o en toda Espa\u00f1a bajo el lema &#8216;La alegr\u00eda de anunciar el Evangelio&#8217; y en Ciudad Rodrigo la celebraci\u00f3n tendr\u00e1 lugar el domingo d\u00eda 16.<\/p>\n<p>En esta ocasi\u00f3n ese d\u00eda es especialmente alegre porque Anselmo Matilla Santos, uno de los seminaristas mayores, ser\u00e1 ordenado di\u00e1cono de la Iglesia por el obispo Mons. Raul Berzosa, en la Catedral de Santa Mar\u00eda a las 17,30 h.<br \/>\nLa v\u00edspera de la ordenaci\u00f3n tendr\u00e1 lugar una vigilia de oraci\u00f3n en la Capilla Mayor del Seminario a las 20.00 h. <!--more--><\/p>\n<p>El d\u00eda 19, solemnidad de San Jos\u00e9, el Seminario se desplaza a Barruecopardo para celebrar la Eucarist\u00eda a las 12.00 h., y pasar un d\u00eda de convivencia en el arciprestazgo de la Ribera; por la tarde habr\u00e1 competiciones deportivas en ese mismo pueblo. Las actividades concluyen con una oraci\u00f3n en la Iglesia.<\/p>\n<p>Durante los d\u00edas anteriores y posteriores a la celebraci\u00f3n de San Jos\u00e9 se visitar\u00e1n catequesis, y otras parroquias para dar a conocer el proyecto educativo del Seminario. Un momento importante en la campa\u00f1a del Seminario ser\u00e1 tambi\u00e9n el VII Trofeo San Cayetano de F\u00fatbol Sala, que tendr\u00e1 lugar los d\u00edas 25 y 26 de abril. Se abrir\u00e1 el plazo en el mes de marzo para las inscripciones del trofeo.<\/p>\n<p>Durante el fin de Semana del 25 al 27 de abril hay unas convivencias para candidatos al Seminario. Pueden asistir alumnos desde 5\u00ba de Primaria en adelante.<\/p>\n","protected":false},"excerpt":{"rendered":"<p>\u00a0El Seminario celebra su d\u00eda con la ordenaci\u00f3n \u00a0de Anselmo Matilla \u201cEl Seminario de Ciudad Rodrigo sigue creyendo en lo posible\u201d. Con esas palabras, el rector de la instituci\u00f3n, Juan Carlos S\u00e1nchez, se refiere a este centro que cuenta con tres seminaristas mayores y 30 en el seminario menor. La campa\u00f1a del Seminario se presenta &#8230; <a title=\"D\u00eda de San Jos\u00e9\" class=\"read-more\" href=\"https:\/\/www.diocesisciudadrodrigo.org\/blog3\/dia-de-san-jose\/\" aria-label=\"M\u00e1s en D\u00eda de San Jos\u00e9\">Leer m\u00e1s<\/a><\/p>\n","protected":false},"author":4,"featured_media":0,"comment_status":"closed","ping_status":"closed","sticky":false,"template":"","format":"standard","meta":[],"categories":[3],"tags":[],"_links":{"self":[{"href":"https:\/\/www.diocesisciudadrodrigo.org\/blog3\/wp-json\/wp\/v2\/posts\/2522"}],"collection":[{"href":"https:\/\/www.diocesisciudadrodrigo.org\/blog3\/wp-json\/wp\/v2\/posts"}],"about":[{"href":"https:\/\/www.diocesisciudadrodrigo.org\/blog3\/wp-json\/wp\/v2\/types\/post"}],"author":[{"embeddable":true,"href":"https:\/\/www.diocesisciudadrodrigo.org\/blog3\/wp-json\/wp\/v2\/users\/4"}],"replies":[{"embeddable":true,"href":"https:\/\/www.diocesisciudadrodrigo.org\/blog3\/wp-json\/wp\/v2\/comments?post=2522"}],"version-history":[{"count":1,"href":"https:\/\/www.diocesisciudadrodrigo.org\/blog3\/wp-json\/wp\/v2\/posts\/2522\/revisions"}],"predecessor-version":[{"id":2524,"href":"https:\/\/www.diocesisciudadrodrigo.org\/blog3\/wp-json\/wp\/v2\/posts\/2522\/revisions\/2524"}],"wp:attachment":[{"href":"https:\/\/www.diocesisciudadrodrigo.org\/blog3\/wp-json\/wp\/v2\/media?parent=2522"}],"wp:term":[{"taxonomy":"category","embeddable":true,"href":"https:\/\/www.diocesisciudadrodrigo.org\/blog3\/wp-json\/wp\/v2\/categories?post=2522"},{"taxonomy":"post_tag","embeddable":true,"href":"https:\/\/www.diocesisciudadrodrigo.org\/blog3\/wp-json\/wp\/v2\/tags?post=2522"}],"curies":[{"name":"wp","href":"https:\/\/api.w.org\/{rel}","templated":true}]}}