{"id":2509,"date":"2014-02-18T10:45:58","date_gmt":"2014-02-18T10:45:58","guid":{"rendered":"http:\/\/www.diocesisciudadrodrigo.org\/blog3\/?p=2509"},"modified":"2014-02-18T10:45:58","modified_gmt":"2014-02-18T10:45:58","slug":"asamblea-diocesana-4","status":"publish","type":"post","link":"https:\/\/www.diocesisciudadrodrigo.org\/blog3\/asamblea-diocesana-4\/","title":{"rendered":"Asamblea Diocesana"},"content":{"rendered":"<p><a href=\"http:\/\/www.diocesisciudadrodrigo.org\/blog3\/?attachment_id=2510\" rel=\"attachment wp-att-2510\"><img loading=\"lazy\" class=\"wp-image-2510 alignleft\" alt=\"DSC_1364\" src=\"http:\/\/www.diocesisciudadrodrigo.org\/blog3\/wp-content\/uploads\/2014\/02\/DSC_1364-800x533.jpg\" width=\"400\" height=\"267\" srcset=\"https:\/\/www.diocesisciudadrodrigo.org\/blog3\/wp-content\/uploads\/2014\/02\/DSC_1364-800x533.jpg 800w, https:\/\/www.diocesisciudadrodrigo.org\/blog3\/wp-content\/uploads\/2014\/02\/DSC_1364-300x200.jpg 300w\" sizes=\"(max-width: 400px) 100vw, 400px\" \/><\/a><\/p>\n<p>&nbsp;<\/p>\n<p><strong><span style=\"font-size: 18px; color: #3366ff;\">Los laicos toman la palabra<\/span><\/strong><\/p>\n<p>El Curso Pastoral 20133-2014 est\u00e1 suponiendo un importante reto para la Di\u00f3cesis de Ciudad Rodrigo, de hecho, tal y como sugiere el Vicario de Pastoral, Jos\u00e9 Manuel Vidriales, \u201ces un acontecimiento eclesial privilegiado\u201d que se haya convocado una Asamblea Diocesana.<\/p>\n<p>El obispo de la Di\u00f3cesis, Ra\u00fal Berzosa, hac\u00eda all\u00e1 por el mes de septiembre una llamada a los laicos, a las religiosas y a los presb\u00edteros: \u201cPoneos en camino\u201d, una invitaci\u00f3n a hacer camino juntos, \u201ccon la corresponsabilidad y con la participaci\u00f3n generosa y responsable de todos\u201d, seg\u00fan Vidriales.<\/p>\n<p>El propio Vicario resume qu\u00e9 es la Asamblea se\u00f1alando que \u201cbusca hacer llegar al obispo la voz de la comunidad eclesial, para ofrecerle la oportunidad de escucharla directamente, como servicio al discernimiento evang\u00e9lico, propio del carisma episcopal. Adem\u00e1s, es una instancia privilegiada para revisar y estimular la marca de la Pastoral de la Di\u00f3cesis y conocer si el proyecto evangelizador diocesano responde a los retos cambiantes de nuestra sociedad\u201d.<!--more--><\/p>\n<p>La Asamblea tiene marcado un itinerario muy claro y entre los meses de septiembre y octubre se ha desarrollado la denominada fase de sensibilizaci\u00f3n. En la misma, se han incluido los consejos diocesanos, la visita a las comunidades religiosas, la entrevista del obispo con los presb\u00edteros y dos \u201c<b>catequesis de la comunidad\u201d\u00a0<\/b>en las parroquias.<\/p>\n<p>En la actualidad, y desde el pasado mes de diciembre, la Asamblea ha subido al segundo pelda\u00f1o con la fase de discernimiento. En este punto, se han organizado encuentros diferenciados de los tres grandes carismas (laicos, religiosas y presb\u00edteros) en Ciudad Rodrigo.<\/p>\n<p>Cada uno de los tres encuentros mantenidos ha tenido una estructura similar por lo que siempre se ha contado con una ponencia espec\u00edfica. En el caso de los laicos, el matrimonio formado por Gema y Guenther Boelhoff hablaron de \u201cLa identidad del laicado: vocaci\u00f3n y misi\u00f3n\u201d y de su experiencia en la comunidad a la que pertenecen en Valladolid. En palabras de Vidriales, \u201ctodos los ponentes son personas cualificadas teol\u00f3gicamente\u201d y el objetivo de estas charlas es que \u201cnos ayuden a orar, a reflexionar a conversar y que salgan propuestas operativas de futuro para nuestra Iglesia\u201d.<\/p>\n<p>El segundo de los encuentros, tambi\u00e9n en el mes de diciembre, ha sido el de los presb\u00edteros, y en el mismo particip\u00f3 Juan Luis Mart\u00edn Barrios, director del secretariado de Pastoral de la Conferencia Episcopal Espa\u00f1ola, con la ponencia \u201cIdentidad del presb\u00edtero diocesano: vocaci\u00f3n y misi\u00f3n\u201d. El tercero de los encuentros ha sido el de las religiosas de vida activa en el que particip\u00f3 como ponente Marisa Moresco, Carmelita de la Caridad de Vedruna, y habl\u00f3 sobre \u201cVocaci\u00f3n y misi\u00f3n de la vida religiosa en la Iglesia Diocesana\u201d.<\/p>\n<p>El s\u00e1bado d\u00eda 15, ten\u00eda lugar el segundo de los encuentros para los laicos, en el que particip\u00f3 Rafael Serrano, como ponente. Destac\u00f3 la gran cantidad de asistentes.<\/p>\n<p>Por delante quedan\u00a0<b>nuevos encuentros\u00a0<\/b>de las tres grandes vocaciones en la sede diocesana con ponencias y trabajos; los encuentros de oraci\u00f3n, reflexi\u00f3n y comunicaciones en cada Arciprestazgo; las \u201c<b>catequesis de la comunidad\u201d\u00a0<\/b>en cada parroquia o grupo parroquial, para llegar a la tercera y \u00faltima fase, la de celebraci\u00f3n que se realizar\u00e1 los d\u00edas 30 y 31 de mayo y 6 y 7 de junio. Se concluir\u00e1 con una gran celebraci\u00f3n eucar\u00edstica en la Catedral el domingo 15 de junio.<\/p>\n<p><a href=\"http:\/\/www.diocesisciudadrodrigo.org\/blog3\/?attachment_id=2511\" rel=\"attachment wp-att-2511\"><img class=\"alignnone  wp-image-2511\" alt=\"DSC_1356\" src=\"http:\/\/www.diocesisciudadrodrigo.org\/blog3\/wp-content\/uploads\/2014\/02\/DSC_1356-800x533.jpg\" width=\"300\" srcset=\"https:\/\/www.diocesisciudadrodrigo.org\/blog3\/wp-content\/uploads\/2014\/02\/DSC_1356-800x533.jpg 800w, https:\/\/www.diocesisciudadrodrigo.org\/blog3\/wp-content\/uploads\/2014\/02\/DSC_1356-300x200.jpg 300w\" sizes=\"(max-width: 800px) 100vw, 800px\" \/><\/a><\/p>\n","protected":false},"excerpt":{"rendered":"<p>&nbsp; Los laicos toman la palabra El Curso Pastoral 20133-2014 est\u00e1 suponiendo un importante reto para la Di\u00f3cesis de Ciudad Rodrigo, de hecho, tal y como sugiere el Vicario de Pastoral, Jos\u00e9 Manuel Vidriales, \u201ces un acontecimiento eclesial privilegiado\u201d que se haya convocado una Asamblea Diocesana. El obispo de la Di\u00f3cesis, Ra\u00fal Berzosa, hac\u00eda all\u00e1 &#8230; <a title=\"Asamblea Diocesana\" class=\"read-more\" href=\"https:\/\/www.diocesisciudadrodrigo.org\/blog3\/asamblea-diocesana-4\/\" aria-label=\"M\u00e1s en Asamblea Diocesana\">Leer m\u00e1s<\/a><\/p>\n","protected":false},"author":4,"featured_media":0,"comment_status":"closed","ping_status":"closed","sticky":false,"template":"","format":"standard","meta":[],"categories":[3],"tags":[],"_links":{"self":[{"href":"https:\/\/www.diocesisciudadrodrigo.org\/blog3\/wp-json\/wp\/v2\/posts\/2509"}],"collection":[{"href":"https:\/\/www.diocesisciudadrodrigo.org\/blog3\/wp-json\/wp\/v2\/posts"}],"about":[{"href":"https:\/\/www.diocesisciudadrodrigo.org\/blog3\/wp-json\/wp\/v2\/types\/post"}],"author":[{"embeddable":true,"href":"https:\/\/www.diocesisciudadrodrigo.org\/blog3\/wp-json\/wp\/v2\/users\/4"}],"replies":[{"embeddable":true,"href":"https:\/\/www.diocesisciudadrodrigo.org\/blog3\/wp-json\/wp\/v2\/comments?post=2509"}],"version-history":[{"count":1,"href":"https:\/\/www.diocesisciudadrodrigo.org\/blog3\/wp-json\/wp\/v2\/posts\/2509\/revisions"}],"predecessor-version":[{"id":2512,"href":"https:\/\/www.diocesisciudadrodrigo.org\/blog3\/wp-json\/wp\/v2\/posts\/2509\/revisions\/2512"}],"wp:attachment":[{"href":"https:\/\/www.diocesisciudadrodrigo.org\/blog3\/wp-json\/wp\/v2\/media?parent=2509"}],"wp:term":[{"taxonomy":"category","embeddable":true,"href":"https:\/\/www.diocesisciudadrodrigo.org\/blog3\/wp-json\/wp\/v2\/categories?post=2509"},{"taxonomy":"post_tag","embeddable":true,"href":"https:\/\/www.diocesisciudadrodrigo.org\/blog3\/wp-json\/wp\/v2\/tags?post=2509"}],"curies":[{"name":"wp","href":"https:\/\/api.w.org\/{rel}","templated":true}]}}