{"id":2491,"date":"2014-02-07T09:13:55","date_gmt":"2014-02-07T09:13:55","guid":{"rendered":"http:\/\/www.diocesisciudadrodrigo.org\/blog3\/?p=2491"},"modified":"2014-02-07T09:13:55","modified_gmt":"2014-02-07T09:13:55","slug":"manos-unidas-4","status":"publish","type":"post","link":"https:\/\/www.diocesisciudadrodrigo.org\/blog3\/manos-unidas-4\/","title":{"rendered":"Manos Unidas"},"content":{"rendered":"<p style=\"text-align: center;\"><strong><span style=\"color: #3366ff; font-size: 18px;\"><a href=\"http:\/\/www.diocesisciudadrodrigo.org\/blog3\/?attachment_id=2492\" rel=\"attachment wp-att-2492\"><img class=\" wp-image-2492 aligncenter\" alt=\"DSC_1253\" src=\"http:\/\/www.diocesisciudadrodrigo.org\/blog3\/wp-content\/uploads\/2014\/02\/DSC_1253-800x533.jpg\" width=\"500\" srcset=\"https:\/\/www.diocesisciudadrodrigo.org\/blog3\/wp-content\/uploads\/2014\/02\/DSC_1253-800x533.jpg 800w, https:\/\/www.diocesisciudadrodrigo.org\/blog3\/wp-content\/uploads\/2014\/02\/DSC_1253-300x200.jpg 300w\" sizes=\"(max-width: 800px) 100vw, 800px\" \/><\/a>La Cena del Hambre re\u00fane a 200 personas<\/span><\/strong><\/p>\n<p>La conferencia del misionero, Jes\u00fas Zubir\u00eda, y la posterior Cena del Hambre, han supuesto el inicio de las acciones que este a\u00f1o llevar\u00e1 a cabo la delegaci\u00f3n de Manos Unidas en Ciudad Rodrigo, dentro de su Campa\u00f1a Contra el Hambre.<\/p>\n<p>Las acciones fijadas continuar\u00e1n el lunes 10 de febrero con una Eucarist\u00eda en El Sagrario a las 19.15 horas y la Operaci\u00f3n Bocata ser\u00e1 el viernes 14 de febrero en la plazuela del Buen Alcalde a partir de las 13.30 horas.<b><br \/>\n<\/b><\/p>\n<p>El dinero que se recaude ir\u00e1 destinado a un proyecto en Angola, en concreto, a la construcci\u00f3n de una pista deportiva para una escuela en Luanda. Ese centro educativo, se ubica en el barrio marginal de Palanca, donde viven unas 200.000 personas sin canalizaci\u00f3n de aguas, ni alcantarillado, ni electricidad, ni v\u00edas de acceso.<!--more--><\/p>\n<p>Hay pocas escuelas y hospitales y aqu\u00ed, Las Esclavas del Divino Coraz\u00f3n dirigen la Escuela de Santa Teresa, en la que cursan estudios 960 alumnos. En estos momentos, se hace necesario un lugar para recibir clases de educaci\u00f3n f\u00edsica en condiciones y promocionar el deporte entre los j\u00f3venes para evitar que los fines de semana anden en grupos por la calle\u00a0 con la tentaci\u00f3n de acabar en el alcohol y las drogas. Los padres aportar\u00e1n una cantidad y la Congregaci\u00f3n el agua y la electricidad. Adem\u00e1s de los alumnos del centro, indirectamente se beneficiar\u00e1n de las instalaciones 5.800 personas entre familiares y vecinos.<\/p>\n","protected":false},"excerpt":{"rendered":"<p>La Cena del Hambre re\u00fane a 200 personas La conferencia del misionero, Jes\u00fas Zubir\u00eda, y la posterior Cena del Hambre, han supuesto el inicio de las acciones que este a\u00f1o llevar\u00e1 a cabo la delegaci\u00f3n de Manos Unidas en Ciudad Rodrigo, dentro de su Campa\u00f1a Contra el Hambre. Las acciones fijadas continuar\u00e1n el lunes 10 &#8230; <a title=\"Manos Unidas\" class=\"read-more\" href=\"https:\/\/www.diocesisciudadrodrigo.org\/blog3\/manos-unidas-4\/\" aria-label=\"M\u00e1s en Manos Unidas\">Leer m\u00e1s<\/a><\/p>\n","protected":false},"author":4,"featured_media":0,"comment_status":"closed","ping_status":"closed","sticky":false,"template":"","format":"standard","meta":[],"categories":[3],"tags":[],"_links":{"self":[{"href":"https:\/\/www.diocesisciudadrodrigo.org\/blog3\/wp-json\/wp\/v2\/posts\/2491"}],"collection":[{"href":"https:\/\/www.diocesisciudadrodrigo.org\/blog3\/wp-json\/wp\/v2\/posts"}],"about":[{"href":"https:\/\/www.diocesisciudadrodrigo.org\/blog3\/wp-json\/wp\/v2\/types\/post"}],"author":[{"embeddable":true,"href":"https:\/\/www.diocesisciudadrodrigo.org\/blog3\/wp-json\/wp\/v2\/users\/4"}],"replies":[{"embeddable":true,"href":"https:\/\/www.diocesisciudadrodrigo.org\/blog3\/wp-json\/wp\/v2\/comments?post=2491"}],"version-history":[{"count":1,"href":"https:\/\/www.diocesisciudadrodrigo.org\/blog3\/wp-json\/wp\/v2\/posts\/2491\/revisions"}],"predecessor-version":[{"id":2493,"href":"https:\/\/www.diocesisciudadrodrigo.org\/blog3\/wp-json\/wp\/v2\/posts\/2491\/revisions\/2493"}],"wp:attachment":[{"href":"https:\/\/www.diocesisciudadrodrigo.org\/blog3\/wp-json\/wp\/v2\/media?parent=2491"}],"wp:term":[{"taxonomy":"category","embeddable":true,"href":"https:\/\/www.diocesisciudadrodrigo.org\/blog3\/wp-json\/wp\/v2\/categories?post=2491"},{"taxonomy":"post_tag","embeddable":true,"href":"https:\/\/www.diocesisciudadrodrigo.org\/blog3\/wp-json\/wp\/v2\/tags?post=2491"}],"curies":[{"name":"wp","href":"https:\/\/api.w.org\/{rel}","templated":true}]}}