{"id":2320,"date":"2013-11-27T09:09:59","date_gmt":"2013-11-27T09:09:59","guid":{"rendered":"http:\/\/www.diocesisciudadrodrigo.org\/blog3\/?p=2320"},"modified":"2013-11-28T09:39:08","modified_gmt":"2013-11-28T09:39:08","slug":"curso-pastoral-2013-2014","status":"publish","type":"post","link":"https:\/\/www.diocesisciudadrodrigo.org\/blog3\/curso-pastoral-2013-2014\/","title":{"rendered":"Curso Pastoral 2013-2014"},"content":{"rendered":"<p><span style=\"color: #3366ff;\"><strong><span style=\"font-size: 18px;\"><a href=\"http:\/\/www.diocesisciudadrodrigo.org\/blog3\/wp-content\/uploads\/2013\/11\/dioicesis.jpg\"><img loading=\"lazy\" class=\"size-medium wp-image-2349 alignright\" alt=\"dioicesis\" src=\"http:\/\/www.diocesisciudadrodrigo.org\/blog3\/wp-content\/uploads\/2013\/11\/dioicesis-300x218.jpg\" width=\"300\" height=\"218\" srcset=\"https:\/\/www.diocesisciudadrodrigo.org\/blog3\/wp-content\/uploads\/2013\/11\/dioicesis-300x218.jpg 300w, https:\/\/www.diocesisciudadrodrigo.org\/blog3\/wp-content\/uploads\/2013\/11\/dioicesis.jpg 646w\" sizes=\"(max-width: 300px) 100vw, 300px\" \/><\/a>Asamblea Diocesana: Orar, pensar y reflexionar<\/span><\/strong><\/span><\/p>\n<p>\u201cNo es nada raro. Es una gracia, un regalo que el obispo haya convocado una Asamblea Diocesana\u201d. En estos t\u00e9rminos expresaba el sentido del presente curso pastoral, el vicario de Pastoral de la di\u00f3cesis de Ciudad Rodrigo, Jos\u00e9 Manuel Vidriales.<\/p>\n<p>Tanto \u00e9l, como el obispo, Ra\u00fal Berzosa, y el sacerdote, Jos\u00e9 Mar\u00eda Rodr\u00edguez Veleiro, explicaron en rueda de prensa las fases de la asamblea diocesana y los actos que se han previsto dentro de la misma para los pr\u00f3ximos d\u00edas.<\/p>\n<p>Berzosa habl\u00f3 de cuatro etapas: una preparatoria, otra de reflexi\u00f3n, una tercera de asamblea, propiamente dicha, y una \u00faltima que se definir\u00eda como misi\u00f3n, en la que se anunciar\u00e1n las propuestas a las que se hayan llegado.<!--more--><\/p>\n<p>En palabras del obispo, \u201chay momentos en la vida de una persona, comunidad o, en este caso, Di\u00f3cesis, en los que se debe hacer un alto en el camino y ello, no para detenernos y plantarnos con nostalgia, mirando solo el pasado, ni para solo mirar el horizonte esperando del futuro lo \u00fanico novedoso y lo que, supuestamente, ser\u00e1 lo mejor\u201d.<\/p>\n<p>Dentro de este itinerario, se han fijado una serie de ponencias para laicos, religiosas y presb\u00edteros. La primera, destinada a los laicos, se celebrar\u00e1 el d\u00eda seis de diciembre en el Sal\u00f3n Obispo Mazarrasa del Palacio Episcopal a partir de las 10.30 horas y en la misma participar\u00e1n, Guenther Boelhoff Carbajo junto a su mujer, Carmen, para hablar de \u201cLa identidad del laicado\u201d. En palabras de Vidriales, \u201ctodos los ponentes son personas cualificadas teol\u00f3gicamente\u201d y el objetivo de estas charlas es que \u201cnos ayuden a orar, a reflexionar a conversar y que salgan propuestas operativas para esta iglesia de futuro\u201d.<\/p>\n<p>Por su parte, Jos\u00e9 Mar\u00eda Rodr\u00edguez Veleiro, explic\u00f3 c\u00f3mo desde su parroquia est\u00e1n trabajando con distintos grupos en esta asamblea.<\/p>\n","protected":false},"excerpt":{"rendered":"<p>Asamblea Diocesana: Orar, pensar y reflexionar \u201cNo es nada raro. Es una gracia, un regalo que el obispo haya convocado una Asamblea Diocesana\u201d. En estos t\u00e9rminos expresaba el sentido del presente curso pastoral, el vicario de Pastoral de la di\u00f3cesis de Ciudad Rodrigo, Jos\u00e9 Manuel Vidriales. Tanto \u00e9l, como el obispo, Ra\u00fal Berzosa, y el &#8230; <a title=\"Curso Pastoral 2013-2014\" class=\"read-more\" href=\"https:\/\/www.diocesisciudadrodrigo.org\/blog3\/curso-pastoral-2013-2014\/\" aria-label=\"M\u00e1s en Curso Pastoral 2013-2014\">Leer m\u00e1s<\/a><\/p>\n","protected":false},"author":4,"featured_media":0,"comment_status":"closed","ping_status":"closed","sticky":false,"template":"","format":"standard","meta":[],"categories":[3],"tags":[],"_links":{"self":[{"href":"https:\/\/www.diocesisciudadrodrigo.org\/blog3\/wp-json\/wp\/v2\/posts\/2320"}],"collection":[{"href":"https:\/\/www.diocesisciudadrodrigo.org\/blog3\/wp-json\/wp\/v2\/posts"}],"about":[{"href":"https:\/\/www.diocesisciudadrodrigo.org\/blog3\/wp-json\/wp\/v2\/types\/post"}],"author":[{"embeddable":true,"href":"https:\/\/www.diocesisciudadrodrigo.org\/blog3\/wp-json\/wp\/v2\/users\/4"}],"replies":[{"embeddable":true,"href":"https:\/\/www.diocesisciudadrodrigo.org\/blog3\/wp-json\/wp\/v2\/comments?post=2320"}],"version-history":[{"count":2,"href":"https:\/\/www.diocesisciudadrodrigo.org\/blog3\/wp-json\/wp\/v2\/posts\/2320\/revisions"}],"predecessor-version":[{"id":2350,"href":"https:\/\/www.diocesisciudadrodrigo.org\/blog3\/wp-json\/wp\/v2\/posts\/2320\/revisions\/2350"}],"wp:attachment":[{"href":"https:\/\/www.diocesisciudadrodrigo.org\/blog3\/wp-json\/wp\/v2\/media?parent=2320"}],"wp:term":[{"taxonomy":"category","embeddable":true,"href":"https:\/\/www.diocesisciudadrodrigo.org\/blog3\/wp-json\/wp\/v2\/categories?post=2320"},{"taxonomy":"post_tag","embeddable":true,"href":"https:\/\/www.diocesisciudadrodrigo.org\/blog3\/wp-json\/wp\/v2\/tags?post=2320"}],"curies":[{"name":"wp","href":"https:\/\/api.w.org\/{rel}","templated":true}]}}