{"id":2079,"date":"2013-08-26T13:19:04","date_gmt":"2013-08-26T13:19:04","guid":{"rendered":"http:\/\/www.diocesisciudadrodrigo.org\/blog3\/?p=2079"},"modified":"2013-08-26T13:19:06","modified_gmt":"2013-08-26T13:19:06","slug":"catedral","status":"publish","type":"post","link":"https:\/\/www.diocesisciudadrodrigo.org\/blog3\/catedral\/","title":{"rendered":"Catedral"},"content":{"rendered":"<h3><font color=\"#0000ff\">Toma de posesi\u00f3n de D. Tom\u00e1s Mu\u00f1oz Porras como can\u00f3nigo de la S. I. Catedral<\/font><\/h3>\n<p>&nbsp;<\/p>\n<div class=\"separator\" style=\"clear: both; text-align: right;\"><a href=\"http:\/\/www.diocesisciudadrodrigo.org\/blog3\/wp-content\/uploads\/2013\/08\/wpid-Photo-26082013-1511.jpg\" target=\"_blank\" style=\"clear: right; float: right; margin-bottom: 1em; margin-left: 1em;\"><img loading=\"lazy\" src=\"http:\/\/www.diocesisciudadrodrigo.org\/blog3\/wp-content\/uploads\/2013\/08\/wpid-Photo-26082013-1511.jpg\" id=\"blogsy-1377523088933.381\" class=\"alignright\" width=\"200\" height=\"209\" alt=\"\"><\/a><\/div>\n<p>El pr\u00f3ximo martes 27 de agosto la S.I. Catedral de Ciudad Rodrigo celebrar\u00e1 la toma de posesi\u00f3n de D. Tom\u00e1s Mu\u00f1oz Porras como can\u00f3nigo del cabildo catedralicio.<\/p>\n<p>El actual Vicario General fue nombrado can\u00f3nigo archivero el pasado 17 de julio pero es este martes 27 cuando tomar\u00e1 posesi\u00f3n de su canonj\u00eda.<\/p>\n<p>El acto se celebrar\u00e1 tras la misa coral de las 11,00. En torno a las 11,30 horas. Estar\u00e1 presidido por el Presidente del Cabildo D. Nicol\u00e1s Mart\u00edn Mat\u00edas.<!--more--><\/p>\n<p>&nbsp;<\/p>\n<p>Los capitulares se reunir\u00e1n en el coro catedralicio con el h\u00e1bito propio ocupando sus respectivos sillares. Tras la lectura del nombramiento por el secretario, el nuevo can\u00f3nigo jurar\u00e1 cumplir los Estatutos Capitulares. Tras ello se le invitar\u00e1 a ocupar su silla coral y se cantar\u00e1 un salmo, terminado el cual se har\u00e1 una oraci\u00f3n.<\/p>\n<p>Seg\u00fan el C\u00f3digo de Derecho Can\u00f3nico  (n\u00ba 503) \u201cel cabildo de can\u00f3nigos, catedralicio o colegial, es un colegio de sacerdotes, al que corresponde celebrar las funciones lit\u00fargicas m\u00e1s solemnes en la iglesia central o en la colegiata; compete adem\u00e1s al cabildo catedralicio cumplir aquellos oficios que el derecho o el Obispo diocesano le encomienden\u201d.<\/p>\n<p>El \u00faltimo en acceder a una canonj\u00eda fue D. Prudencio Manchado Vicente en marzo de 1998.<\/p>\n<p>En la actualidad hay siete can\u00f3nigos en activo y seis em\u00e9ritos. Con D. Tom\u00e1s ser\u00e1n catorce los can\u00f3nigos de la Iglesia madre de la Di\u00f3cesis.<\/p>\n<p>El acto de toma de posesi\u00f3n es un acto p\u00fablico al cual pueden asistir las personas que lo deseen.<\/p>\n<p><strong><u>Biograf\u00eda de D. Tom\u00e1s Mu\u00f1oz Porras<\/u><\/strong><\/p>\n<p>Tom\u00e1s Mu\u00f1oz Porras naci\u00f3 en Corcos del Valle (Valladolid) el 29 de julio de 1957.<\/p>\n<p>Estudi\u00f3 medicina en la Universidad de Salamanca. En 1980 entra en el Seminario diocesano de Ciudad Rodrigo y es enviado por el entonces obispo civitatense D. Demetrio Mansilla Reoyo al Seminario de Toledo para realizar sus estudios de teolog\u00eda.<\/p>\n<p>Fue ordenado presb\u00edtero en 1986.<\/p>\n<p>Es Licenciado en Derecho Can\u00f3nico por la Universidad Pontificia de Salamanca.<\/p>\n<p>En 1988 el obispo D. Antonio Ceballos lo nombra formador del Seminario diocesano y profesor del mismo.<\/p>\n<p>En 1990 es nombrado Vicerrector del Seminario diocesano. En 1991 rector del mismo, cargo en el que permanece hasta 1999.<\/p>\n<p>Durante su estancia en el Seminario atendi\u00f3 las parroquias de Agallas, Vegas de Domingo Rey y Villarejo. En 1999 se hizo cargo temporalmente de las parroquias de Puebla de Azaba, Alamedilla y Alberguer\u00eda de Arga\u00f1\u00e1n. En el a\u00f1o 2000 es nombrado p\u00e1rroco de Espeja y se hace cargo temporalmente de la parroquia de Ituero de Azaba.<\/p>\n<p>En el a\u00f1o 2004 fue nombrado Vicario de Pastoral, servicio que desempe\u00f1\u00f3 durante 2 a\u00f1os. En 2010 fue nombrado p\u00e1rroco de Campillo de Azaba y de Carpio de Azaba. <\/p>\n<p>Adem\u00e1s es capell\u00e1n de la Residencia Mixta Provincial de la Diputaci\u00f3n de Salamanca en Ciudad Rodrigo, profesor del Seminario, delegado diocesano del clero, consiliario de la Asociaci\u00f3n de la Medalla Milagrosa, miembro del Colegio de Consultores y del Consejo Presbiteral. Igualmente es Hermano del Hospital de la Pasi\u00f3n.<\/p>\n<p>&nbsp;<\/p>\n<p>El 20 de julio de 2012 fue nombrado Vicario General, cargo que ejerce en la actualidad.<\/p>\n<p>&nbsp;<\/p>\n","protected":false},"excerpt":{"rendered":"<p>Toma de posesi\u00f3n de D. Tom\u00e1s Mu\u00f1oz Porras como can\u00f3nigo de la S. I. Catedral &nbsp; El pr\u00f3ximo martes 27 de agosto la S.I. Catedral de Ciudad Rodrigo celebrar\u00e1 la toma de posesi\u00f3n de D. Tom\u00e1s Mu\u00f1oz Porras como can\u00f3nigo del cabildo catedralicio. El actual Vicario General fue nombrado can\u00f3nigo archivero el pasado 17 de &#8230; <a title=\"Catedral\" class=\"read-more\" href=\"https:\/\/www.diocesisciudadrodrigo.org\/blog3\/catedral\/\" aria-label=\"M\u00e1s en Catedral\">Leer m\u00e1s<\/a><\/p>\n","protected":false},"author":1,"featured_media":0,"comment_status":"closed","ping_status":"closed","sticky":false,"template":"","format":"standard","meta":[],"categories":[3],"tags":[],"_links":{"self":[{"href":"https:\/\/www.diocesisciudadrodrigo.org\/blog3\/wp-json\/wp\/v2\/posts\/2079"}],"collection":[{"href":"https:\/\/www.diocesisciudadrodrigo.org\/blog3\/wp-json\/wp\/v2\/posts"}],"about":[{"href":"https:\/\/www.diocesisciudadrodrigo.org\/blog3\/wp-json\/wp\/v2\/types\/post"}],"author":[{"embeddable":true,"href":"https:\/\/www.diocesisciudadrodrigo.org\/blog3\/wp-json\/wp\/v2\/users\/1"}],"replies":[{"embeddable":true,"href":"https:\/\/www.diocesisciudadrodrigo.org\/blog3\/wp-json\/wp\/v2\/comments?post=2079"}],"version-history":[{"count":0,"href":"https:\/\/www.diocesisciudadrodrigo.org\/blog3\/wp-json\/wp\/v2\/posts\/2079\/revisions"}],"wp:attachment":[{"href":"https:\/\/www.diocesisciudadrodrigo.org\/blog3\/wp-json\/wp\/v2\/media?parent=2079"}],"wp:term":[{"taxonomy":"category","embeddable":true,"href":"https:\/\/www.diocesisciudadrodrigo.org\/blog3\/wp-json\/wp\/v2\/categories?post=2079"},{"taxonomy":"post_tag","embeddable":true,"href":"https:\/\/www.diocesisciudadrodrigo.org\/blog3\/wp-json\/wp\/v2\/tags?post=2079"}],"curies":[{"name":"wp","href":"https:\/\/api.w.org\/{rel}","templated":true}]}}