{"id":2074,"date":"2013-08-19T11:06:59","date_gmt":"2013-08-19T11:06:59","guid":{"rendered":"http:\/\/www.diocesisciudadrodrigo.org\/blog3\/?p=2074"},"modified":"2013-08-19T11:06:59","modified_gmt":"2013-08-19T11:06:59","slug":"carta-pastoral","status":"publish","type":"post","link":"https:\/\/www.diocesisciudadrodrigo.org\/blog3\/carta-pastoral\/","title":{"rendered":"Carta pastoral"},"content":{"rendered":"<h3><strong><span style=\"color: #0000ff;\">\u201cPoneos en camino\u201d <\/span><\/strong><\/h3>\n<h4><strong>Nueva Carta Pastoral de D. Ra\u00fal Berzosa<\/strong><\/h4>\n<p>\u201cP<a href=\"http:\/\/www.diocesisciudadrodrigo.org\/blog3\/wp-content\/uploads\/2013\/08\/557116_471934872851069_1268836355_n.jpg\"><img loading=\"lazy\" class=\" wp-image-2075 alignright\" alt=\"557116_471934872851069_1268836355_n\" src=\"http:\/\/www.diocesisciudadrodrigo.org\/blog3\/wp-content\/uploads\/2013\/08\/557116_471934872851069_1268836355_n-300x225.jpg\" width=\"270\" height=\"203\" srcset=\"https:\/\/www.diocesisciudadrodrigo.org\/blog3\/wp-content\/uploads\/2013\/08\/557116_471934872851069_1268836355_n-300x225.jpg 300w, https:\/\/www.diocesisciudadrodrigo.org\/blog3\/wp-content\/uploads\/2013\/08\/557116_471934872851069_1268836355_n.jpg 640w\" sizes=\"(max-width: 270px) 100vw, 270px\" \/><\/a>oneos en camino\u00bb es el t\u00edtulo de la carta pastoral ante el Curso 2013-2014. Lleva como subt\u00edtulo declarativo de intenciones: \u201c\u00a1Hacia una Asamblea Diocesana para seguir evangelizando!\u201d<\/p>\n<p>El documento consta de cinco partes. En la primera el pastor diocesano se\u00f1ala diez notas de eclesialidad. A las cl\u00e1sicas de: una, santa cat\u00f3lica y apost\u00f3lica a\u00f1ade la de romana y tambi\u00e9n la de ecum\u00e9nica, sinodal, martirial, evangelizadora y samaritana.<\/p>\n<p>De todas ellas en el pr\u00f3ximo curso nos vamos a fijar principalmente en dos: la sinodalidad y el ser (la Iglesia) buena samaritana.<\/p>\n<p><!--more--><\/p>\n<p>Esas dos notas son las que se desarrollan a continuaci\u00f3n en la carta pastoral. Con respecto a la primera se se\u00f1ala que la Iglesia diocesana quiere vivir con la Asamblea esta experiencia de sinodalidad. El proceso constar\u00e1 de cuatro etapas. Una primera preparatoria de sensibilizaci\u00f3n y oraci\u00f3n para descubrir d\u00f3nde estamos y c\u00f3mo es nuestra realidad personal, familiar, social y cristiana. Una segunda fase de discernimiento ayudar\u00e1 a profundizar delimitando los temas a estudiar en la asamblea. La tercera fase ser\u00e1 propiamente la de Asamblea de todo el Pueblo de Dios que elaborar\u00e1 unas conclusiones o propuestas. Y, por \u00faltimo la fase misionera o de env\u00edo que supondr\u00e1 compartir y anunciar a la Iglesia diocesana y a la sociedad lo vivido. Se pregunta D. Ra\u00fal: \u00bfA d\u00f3nde puede conducirnos esta experiencia de sinodalidad?. Contesta \u00e9l mismo que la Asamblea diocesana \u201cno es algo para recetas pastorales nuevas; ni para reivindicaciones pendientes; ni para juntarnos a discutir; ni para promocionar a los laicos; ni para entretener a la gente, ni para privilegiar o primar ciertos grupos o ciertas espiritualidades, ni porque sea el medio o panacea infalible para todo o la \u00faltima ocurrencia pastoral\u2026\u201d. Es un punto de partida, no de llegada que ayude a \u201credescubrir y consolidar la iglesia del Vaticano II\u201d, \u201ccomo un despertar o aldabonazo para todos los cristianos de Ciudad Rodrigo\u201d donde nos hagamos las tres preguntas que se hicieron los padres conciliares: \u00bfD\u00f3nde estamos?, \u00bfqu\u00e9 camino recorrer?, \u00bfqu\u00e9 maleta o equipaje llevar?.<\/p>\n<p>En el apartado tercero la carta se centra en la dimensi\u00f3n samaritana de la iglesia haciendo algunas sugerencias concretas.<\/p>\n<p>D. Ra\u00fal hace suyas en el apartado cuarto las conclusiones de la evaluaciones de fin de curso de los arciprestazgos y de lo hablado en el Consejo Pastoral Diocesano y Consejo Presbiteral.<\/p>\n<p>Las palabras finales del documento enlazan tambi\u00e9n lo propuesto con el final del A\u00f1o de la Fe que se est\u00e1 viviendo y el pr\u00f3ximo octavo centenario del paso de San Francisco por nuestra tierra que comenzar\u00e1 a celebrarse en enero pr\u00f3ximo.<\/p>\n<p>La Carta viene con dos preguntas despu\u00e9s de cada apartado para la oraci\u00f3n personal y el di\u00e1logo en grupo y tambi\u00e9n como anexo las fechas m\u00e1s importantes a tener en cuenta para el primer trimestre del Curso. As\u00ed ya aparece fijada la Inauguraci\u00f3n del Curso pastoral el s\u00e1bado 21 de septiembre. En octubre, como habitualmente, ser\u00edan los Encuentros arciprestales de comienzo de curso, en noviembre reuniones en las parroquias para la fase de sensibilizaci\u00f3n de la Asamblea Diocesana y en diciembre los d\u00edas 6, 7 y 14 encuentros diferenciados de laicos, religiosas y presb\u00edteros dentro de la fase de discernimiento.<\/p>\n<p>&nbsp;<\/p>\n","protected":false},"excerpt":{"rendered":"<p>\u201cPoneos en camino\u201d Nueva Carta Pastoral de D. Ra\u00fal Berzosa \u201cPoneos en camino\u00bb es el t\u00edtulo de la carta pastoral ante el Curso 2013-2014. Lleva como subt\u00edtulo declarativo de intenciones: \u201c\u00a1Hacia una Asamblea Diocesana para seguir evangelizando!\u201d El documento consta de cinco partes. En la primera el pastor diocesano se\u00f1ala diez notas de eclesialidad. A &#8230; <a title=\"Carta pastoral\" class=\"read-more\" href=\"https:\/\/www.diocesisciudadrodrigo.org\/blog3\/carta-pastoral\/\" aria-label=\"M\u00e1s en Carta pastoral\">Leer m\u00e1s<\/a><\/p>\n","protected":false},"author":4,"featured_media":0,"comment_status":"closed","ping_status":"closed","sticky":false,"template":"","format":"standard","meta":[],"categories":[3],"tags":[],"_links":{"self":[{"href":"https:\/\/www.diocesisciudadrodrigo.org\/blog3\/wp-json\/wp\/v2\/posts\/2074"}],"collection":[{"href":"https:\/\/www.diocesisciudadrodrigo.org\/blog3\/wp-json\/wp\/v2\/posts"}],"about":[{"href":"https:\/\/www.diocesisciudadrodrigo.org\/blog3\/wp-json\/wp\/v2\/types\/post"}],"author":[{"embeddable":true,"href":"https:\/\/www.diocesisciudadrodrigo.org\/blog3\/wp-json\/wp\/v2\/users\/4"}],"replies":[{"embeddable":true,"href":"https:\/\/www.diocesisciudadrodrigo.org\/blog3\/wp-json\/wp\/v2\/comments?post=2074"}],"version-history":[{"count":2,"href":"https:\/\/www.diocesisciudadrodrigo.org\/blog3\/wp-json\/wp\/v2\/posts\/2074\/revisions"}],"predecessor-version":[{"id":2077,"href":"https:\/\/www.diocesisciudadrodrigo.org\/blog3\/wp-json\/wp\/v2\/posts\/2074\/revisions\/2077"}],"wp:attachment":[{"href":"https:\/\/www.diocesisciudadrodrigo.org\/blog3\/wp-json\/wp\/v2\/media?parent=2074"}],"wp:term":[{"taxonomy":"category","embeddable":true,"href":"https:\/\/www.diocesisciudadrodrigo.org\/blog3\/wp-json\/wp\/v2\/categories?post=2074"},{"taxonomy":"post_tag","embeddable":true,"href":"https:\/\/www.diocesisciudadrodrigo.org\/blog3\/wp-json\/wp\/v2\/tags?post=2074"}],"curies":[{"name":"wp","href":"https:\/\/api.w.org\/{rel}","templated":true}]}}