{"id":2071,"date":"2013-08-19T11:00:18","date_gmt":"2013-08-19T11:00:18","guid":{"rendered":"http:\/\/www.diocesisciudadrodrigo.org\/blog3\/?p=2071"},"modified":"2013-08-19T11:00:18","modified_gmt":"2013-08-19T11:00:18","slug":"2071","status":"publish","type":"post","link":"https:\/\/www.diocesisciudadrodrigo.org\/blog3\/2071\/","title":{"rendered":""},"content":{"rendered":"<p><a href=\"http:\/\/www.diocesisciudadrodrigo.org\/blog3\/wp-content\/uploads\/2013\/08\/SDC11437.jpg\"><img loading=\"lazy\" class=\" wp-image-2072 alignright\" alt=\"\" src=\"http:\/\/www.diocesisciudadrodrigo.org\/blog3\/wp-content\/uploads\/2013\/08\/SDC11437-225x300.jpg\" width=\"180\" height=\"240\" srcset=\"https:\/\/www.diocesisciudadrodrigo.org\/blog3\/wp-content\/uploads\/2013\/08\/SDC11437-225x300.jpg 225w, https:\/\/www.diocesisciudadrodrigo.org\/blog3\/wp-content\/uploads\/2013\/08\/SDC11437-600x800.jpg 600w, https:\/\/www.diocesisciudadrodrigo.org\/blog3\/wp-content\/uploads\/2013\/08\/SDC11437.jpg 1536w\" sizes=\"(max-width: 180px) 100vw, 180px\" \/><\/a><\/p>\n<h3><strong><span style=\"color: #0000ff;\">Hacia una Asamblea Diocesana para seguir evangelizando<\/span><\/strong><\/h3>\n<p>Con fecha de 15 de agosto el obispo ha firmado ya la Carta Pastoral de cara al nuevo Curso que nos espera, cada vez m\u00e1s cerca, a la vuelta de septiembre. \u201cPoneos en camino\u201d es el exhortativo t\u00edtulo tomado del Evangelio de Lucas cap\u00edtulo 16. No va a ser un Curso m\u00e1s con un objetivo al uso como los anteriores 25 a\u00f1os sino que D. Ra\u00fal embarca la peque\u00f1a nave de nuestra Iglesia civitatense en la ruta hacia una Asamblea diocesana o Asamblea sinodal.<\/p>\n<p>Una Asamblea, en sus propias palabras, \u201cpara reforzar nuestra fe en Jesucristo (misterio central), reforzar la comuni\u00f3n y, al mismo tiempo, cobrar nuevo impulso evangelizador\u201d.<\/p>\n<p>Dicha cita tendr\u00e1 cuatro fases: preparatoria, de discernimiento, la Asamblea propiamente dicha y la \u00faltima fase misionera o de env\u00edo.<\/p>\n<p>&nbsp;<\/p>\n","protected":false},"excerpt":{"rendered":"<p>Hacia una Asamblea Diocesana para seguir evangelizando Con fecha de 15 de agosto el obispo ha firmado ya la Carta Pastoral de cara al nuevo Curso que nos espera, cada vez m\u00e1s cerca, a la vuelta de septiembre. \u201cPoneos en camino\u201d es el exhortativo t\u00edtulo tomado del Evangelio de Lucas cap\u00edtulo 16. No va a &#8230; <a title=\"\" class=\"read-more\" href=\"https:\/\/www.diocesisciudadrodrigo.org\/blog3\/2071\/\" aria-label=\"M\u00e1s en \">Leer m\u00e1s<\/a><\/p>\n","protected":false},"author":4,"featured_media":0,"comment_status":"closed","ping_status":"closed","sticky":false,"template":"","format":"standard","meta":[],"categories":[3],"tags":[],"_links":{"self":[{"href":"https:\/\/www.diocesisciudadrodrigo.org\/blog3\/wp-json\/wp\/v2\/posts\/2071"}],"collection":[{"href":"https:\/\/www.diocesisciudadrodrigo.org\/blog3\/wp-json\/wp\/v2\/posts"}],"about":[{"href":"https:\/\/www.diocesisciudadrodrigo.org\/blog3\/wp-json\/wp\/v2\/types\/post"}],"author":[{"embeddable":true,"href":"https:\/\/www.diocesisciudadrodrigo.org\/blog3\/wp-json\/wp\/v2\/users\/4"}],"replies":[{"embeddable":true,"href":"https:\/\/www.diocesisciudadrodrigo.org\/blog3\/wp-json\/wp\/v2\/comments?post=2071"}],"version-history":[{"count":1,"href":"https:\/\/www.diocesisciudadrodrigo.org\/blog3\/wp-json\/wp\/v2\/posts\/2071\/revisions"}],"predecessor-version":[{"id":2073,"href":"https:\/\/www.diocesisciudadrodrigo.org\/blog3\/wp-json\/wp\/v2\/posts\/2071\/revisions\/2073"}],"wp:attachment":[{"href":"https:\/\/www.diocesisciudadrodrigo.org\/blog3\/wp-json\/wp\/v2\/media?parent=2071"}],"wp:term":[{"taxonomy":"category","embeddable":true,"href":"https:\/\/www.diocesisciudadrodrigo.org\/blog3\/wp-json\/wp\/v2\/categories?post=2071"},{"taxonomy":"post_tag","embeddable":true,"href":"https:\/\/www.diocesisciudadrodrigo.org\/blog3\/wp-json\/wp\/v2\/tags?post=2071"}],"curies":[{"name":"wp","href":"https:\/\/api.w.org\/{rel}","templated":true}]}}