{"id":2057,"date":"2013-08-13T05:29:50","date_gmt":"2013-08-13T05:29:50","guid":{"rendered":"http:\/\/www.diocesisciudadrodrigo.org\/blog3\/?p=2057"},"modified":"2013-08-13T05:33:40","modified_gmt":"2013-08-13T05:33:40","slug":"madres-carmelitas","status":"publish","type":"post","link":"https:\/\/www.diocesisciudadrodrigo.org\/blog3\/madres-carmelitas\/","title":{"rendered":"Madres Carmelitas"},"content":{"rendered":"<div class=\"separator\" style=\"clear: both; text-align: left;\"><a href=\"http:\/\/www.diocesisciudadrodrigo.org\/blog3\/wp-content\/uploads\/2013\/08\/wpid-Photo-13082013-0726.jpg\" target=\"_blank\" style=\"clear: left; float: left; margin-bottom: 1em; margin-right: 1em;\"><img loading=\"lazy\" src=\"http:\/\/www.diocesisciudadrodrigo.org\/blog3\/wp-content\/uploads\/2013\/08\/wpid-Photo-13082013-0726.jpg\" id=\"blogsy-1376371979000.5256\" class=\"alignleft\" width=\"200\" height=\"301\" alt=\"\"><\/a><\/div>\n<h3> <strong>Profesi\u00f3n solemne de una carmelita<\/strong><\/h3>\n<p>En la tarde del d\u00eda 15 de agosto, Solemnidad de la Asunci\u00f3n de Nuestra Se\u00f1ora, en el convento de las madres Carmelitas har\u00e1 la profesi\u00f3n solemne la joven peruana de 24 a\u00f1os de edad Pilar Maytan Lazo que ha tomado el nombre en la Orden de Hermana Milagros Mar\u00eda de la Divina Misericordia. El  acto comenzar\u00e1 a las seis de la tarde.<\/p>\n<p>Presidir\u00e1 la Eucarist\u00eda el Sr Obispo D. Ra\u00fal Berzosa. Actuar\u00e1 el Coro parroquial de San Andr\u00e9s. La celebraci\u00f3n est\u00e1 abierta a la participaci\u00f3n de cuantos fieles deseen acompa\u00f1ar a la comunidad en ese momento gozoso.<\/p>\n<p>&nbsp;<\/p>\n","protected":false},"excerpt":{"rendered":"<p>Profesi\u00f3n solemne de una carmelita En la tarde del d\u00eda 15 de agosto, Solemnidad de la Asunci\u00f3n de Nuestra Se\u00f1ora, en el convento de las madres Carmelitas har\u00e1 la profesi\u00f3n solemne la joven peruana de 24 a\u00f1os de edad Pilar Maytan Lazo que ha tomado el nombre en la Orden de Hermana Milagros Mar\u00eda de &#8230; <a title=\"Madres Carmelitas\" class=\"read-more\" href=\"https:\/\/www.diocesisciudadrodrigo.org\/blog3\/madres-carmelitas\/\" aria-label=\"M\u00e1s en Madres Carmelitas\">Leer m\u00e1s<\/a><\/p>\n","protected":false},"author":1,"featured_media":0,"comment_status":"closed","ping_status":"closed","sticky":false,"template":"","format":"standard","meta":[],"categories":[3],"tags":[],"_links":{"self":[{"href":"https:\/\/www.diocesisciudadrodrigo.org\/blog3\/wp-json\/wp\/v2\/posts\/2057"}],"collection":[{"href":"https:\/\/www.diocesisciudadrodrigo.org\/blog3\/wp-json\/wp\/v2\/posts"}],"about":[{"href":"https:\/\/www.diocesisciudadrodrigo.org\/blog3\/wp-json\/wp\/v2\/types\/post"}],"author":[{"embeddable":true,"href":"https:\/\/www.diocesisciudadrodrigo.org\/blog3\/wp-json\/wp\/v2\/users\/1"}],"replies":[{"embeddable":true,"href":"https:\/\/www.diocesisciudadrodrigo.org\/blog3\/wp-json\/wp\/v2\/comments?post=2057"}],"version-history":[{"count":1,"href":"https:\/\/www.diocesisciudadrodrigo.org\/blog3\/wp-json\/wp\/v2\/posts\/2057\/revisions"}],"predecessor-version":[{"id":2058,"href":"https:\/\/www.diocesisciudadrodrigo.org\/blog3\/wp-json\/wp\/v2\/posts\/2057\/revisions\/2058"}],"wp:attachment":[{"href":"https:\/\/www.diocesisciudadrodrigo.org\/blog3\/wp-json\/wp\/v2\/media?parent=2057"}],"wp:term":[{"taxonomy":"category","embeddable":true,"href":"https:\/\/www.diocesisciudadrodrigo.org\/blog3\/wp-json\/wp\/v2\/categories?post=2057"},{"taxonomy":"post_tag","embeddable":true,"href":"https:\/\/www.diocesisciudadrodrigo.org\/blog3\/wp-json\/wp\/v2\/tags?post=2057"}],"curies":[{"name":"wp","href":"https:\/\/api.w.org\/{rel}","templated":true}]}}