{"id":2040,"date":"2013-07-27T04:42:07","date_gmt":"2013-07-27T04:42:07","guid":{"rendered":"http:\/\/www.diocesisciudadrodrigo.org\/blog3\/?p=2040"},"modified":"2013-07-27T04:42:35","modified_gmt":"2013-07-27T04:42:35","slug":"en-clave-de-mision-3","status":"publish","type":"post","link":"https:\/\/www.diocesisciudadrodrigo.org\/blog3\/en-clave-de-mision-3\/","title":{"rendered":"En-clave de misi\u00f3n"},"content":{"rendered":"<div class=\"separator\" style=\"clear: both; text-align: right;\"><a href=\"http:\/\/www.diocesisciudadrodrigo.org\/blog3\/wp-content\/uploads\/2013\/07\/wpid-Photo-01012010-00003.jpg\" target=\"_blank\" style=\"clear: right; float: right; margin-bottom: 1em; margin-left: 1em;\"><img loading=\"lazy\" src=\"http:\/\/www.diocesisciudadrodrigo.org\/blog3\/wp-content\/uploads\/2013\/07\/wpid-Photo-01012010-00003.jpg\" id=\"blogsy-1374899990026.7559\" class=\"alignright\" alt=\"\" width=\"200\" height=\"150\"><\/a><\/div>\n<h3><strong><font color=\"#0000ff\"> Los j\u00f3venes viven la fiesta del perd\u00f3n en la Pe\u00f1a de Francia<\/font><\/strong><\/h3>\n<h4><em>\u201cEn-clave de misi\u00f3n\u201d encara la recta final de los actos programados.<\/em><\/h4>\n<p>Hoy viernes el Encuentro Regional de J\u00f3venes ha tenido como eje tem\u00e1tico la penitencia celebrando como culmen de la jornada una celebraci\u00f3n penitencial en el Santuario de Nuestra Se\u00f1ora de la Pe\u00f1a de Francia al que han llegado los j\u00f3venes en tres autobuses.<\/p>\n<p><!--more--><\/p>\n<div class=\"separator\" style=\"clear: both; text-align: center;\"><a href=\"http:\/\/www.diocesisciudadrodrigo.org\/blog3\/wp-content\/uploads\/2013\/07\/wpid-Photo-01012010-00001.jpg\" target=\"_blank\" style=\"margin-left: 1em; margin-right: 1em;\"><img loading=\"lazy\" src=\"http:\/\/www.diocesisciudadrodrigo.org\/blog3\/wp-content\/uploads\/2013\/07\/wpid-Photo-01012010-00001.jpg\" id=\"blogsy-1374899990091.9412\" class=\"aligncenter\" width=\"500\" height=\"375\" alt=\"\"><\/a><\/div>\n<p>Tras la celebraci\u00f3n, presidida por el Sr. Arzobispo de Valladolid que contin\u00faa en las jornadas,  se han desplazado a La Alberca. En la noche se proyectar\u00e1 en diferido el Acto de bienvenida de los j\u00f3venes al Papa en R\u00edo de Janeiro celebrado en la noche de ayer jueves.<\/p>\n<div class=\"separator\" style=\"clear: both; text-align: center;\"><a href=\"http:\/\/www.diocesisciudadrodrigo.org\/blog3\/wp-content\/uploads\/2013\/07\/wpid-Photo-01012010-00002.jpg\" target=\"_blank\" style=\"margin-left: 1em; margin-right: 1em;\"><img loading=\"lazy\" src=\"http:\/\/www.diocesisciudadrodrigo.org\/blog3\/wp-content\/uploads\/2013\/07\/wpid-Photo-01012010-00002.jpg\" id=\"blogsy-1374899990050.5676\" class=\"aligncenter\" width=\"500\" height=\"375\" alt=\"\"><\/a><\/div>\n<div class=\"separator\" style=\"clear: both; text-align: center;\"><a href=\"http:\/\/www.diocesisciudadrodrigo.org\/blog3\/wp-content\/uploads\/2013\/07\/wpid-Photo-01012010-0000.jpg\" target=\"_blank\" style=\"margin-left: 1em; margin-right: 1em;\"><img loading=\"lazy\" src=\"http:\/\/www.diocesisciudadrodrigo.org\/blog3\/wp-content\/uploads\/2013\/07\/wpid-Photo-01012010-0000.jpg\" id=\"blogsy-1374899990074.078\" class=\"aligncenter\" alt=\"\" width=\"500\" height=\"375\"><\/a><\/div>\n<p>Ma\u00f1ana s\u00e1bado los j\u00f3venes saldr\u00e1n \u201cen Misi\u00f3n\u201d por las calles y plazas de nuestra ciudad.  Se trata de ir al encuentro de otros muchachos como ellos e invitarles a la vigilia del s\u00e1bado por la noche en el patio del Seminario. Esta Vigilia titulada \u201cNoche de arte y oraci\u00f3n\u201d  constar\u00e1 de cantos, actuaciones, testimonios, as\u00ed como la conexi\u00f3n en directo para seguir la propia Vigilia de la JMJ de los j\u00f3venes en R\u00edo de Janeiro con el Papa Francisco. Las Jornadas ser\u00e1n clausuradas el domingo con la Eucarist\u00eda en la Catedral de Ciudad Rodrigo.<\/p>\n<p>(Al final de la Eucarist\u00eda los asistentes posar\u00e1n para una foto de familia a la que est\u00e1is invitados los medios gr\u00e1ficos)<\/p>\n<p><u>Programa del s\u00e1bado y domingo<\/u>:<\/p>\n<p>S\u00e1bado 27<\/p>\n<ul>\n<li>9:30. En Misi\u00f3n: preparar materiales, palabras, cantos y formas festivas de salir a invitar por las calles a la vigilia del s\u00e1bado por la noche en el patio del Seminario<\/li>\n<li>11:00. Eucarist\u00eda (Capilla Mayor del Seminario)<\/li>\n<li>12:00. En Misi\u00f3n: invitaci\u00f3n a los j\u00f3venes por las calles<\/li>\n<li>13:00. Tiempo libre \/ Ba\u00f1o en el r\u00edo (zona de La Pesquera)<\/li>\n<li>15:00. Ensayo de cantos (Escuela-hogar \u201cLos Sitios\u201d)<\/li>\n<li>18:00. Preparaci\u00f3n y montaje de la actividad de la noche<\/li>\n<li>22:00. Contenedor de actividades (proyectar o representar las actividades de los talleres (Patio del Seminario)<\/li>\n<li>23:00. Noche de arte y oraci\u00f3n (cantos, testimonio,&#8230;) (Patio del Seminario)<\/li>\n<\/ul>\n<p>Domingo 28<\/p>\n<ul>\n<li>0:00. Vigilia de oraci\u00f3n y conexi\u00f3n en directo con la homil\u00eda del Papa en la Vigilia de oraci\u00f3n en R\u00edo de Janeiro (Patio del Seminario)<\/li>\n<li>12:00. Eucarist\u00eda y env\u00edo (Catedral)<\/li>\n<li>13:00. Foto final de familia (Catedral)<\/li>\n<\/ul>\n<p>&nbsp;<\/p>\n","protected":false},"excerpt":{"rendered":"<p>Los j\u00f3venes viven la fiesta del perd\u00f3n en la Pe\u00f1a de Francia \u201cEn-clave de misi\u00f3n\u201d encara la recta final de los actos programados. Hoy viernes el Encuentro Regional de J\u00f3venes ha tenido como eje tem\u00e1tico la penitencia celebrando como culmen de la jornada una celebraci\u00f3n penitencial en el Santuario de Nuestra Se\u00f1ora de la Pe\u00f1a &#8230; <a title=\"En-clave de misi\u00f3n\" class=\"read-more\" href=\"https:\/\/www.diocesisciudadrodrigo.org\/blog3\/en-clave-de-mision-3\/\" aria-label=\"M\u00e1s en En-clave de misi\u00f3n\">Leer m\u00e1s<\/a><\/p>\n","protected":false},"author":1,"featured_media":0,"comment_status":"closed","ping_status":"closed","sticky":false,"template":"","format":"standard","meta":[],"categories":[3],"tags":[],"_links":{"self":[{"href":"https:\/\/www.diocesisciudadrodrigo.org\/blog3\/wp-json\/wp\/v2\/posts\/2040"}],"collection":[{"href":"https:\/\/www.diocesisciudadrodrigo.org\/blog3\/wp-json\/wp\/v2\/posts"}],"about":[{"href":"https:\/\/www.diocesisciudadrodrigo.org\/blog3\/wp-json\/wp\/v2\/types\/post"}],"author":[{"embeddable":true,"href":"https:\/\/www.diocesisciudadrodrigo.org\/blog3\/wp-json\/wp\/v2\/users\/1"}],"replies":[{"embeddable":true,"href":"https:\/\/www.diocesisciudadrodrigo.org\/blog3\/wp-json\/wp\/v2\/comments?post=2040"}],"version-history":[{"count":0,"href":"https:\/\/www.diocesisciudadrodrigo.org\/blog3\/wp-json\/wp\/v2\/posts\/2040\/revisions"}],"wp:attachment":[{"href":"https:\/\/www.diocesisciudadrodrigo.org\/blog3\/wp-json\/wp\/v2\/media?parent=2040"}],"wp:term":[{"taxonomy":"category","embeddable":true,"href":"https:\/\/www.diocesisciudadrodrigo.org\/blog3\/wp-json\/wp\/v2\/categories?post=2040"},{"taxonomy":"post_tag","embeddable":true,"href":"https:\/\/www.diocesisciudadrodrigo.org\/blog3\/wp-json\/wp\/v2\/tags?post=2040"}],"curies":[{"name":"wp","href":"https:\/\/api.w.org\/{rel}","templated":true}]}}