{"id":2035,"date":"2013-07-24T18:16:42","date_gmt":"2013-07-24T18:16:42","guid":{"rendered":"http:\/\/www.diocesisciudadrodrigo.org\/blog3\/?p=2035"},"modified":"2013-07-24T18:16:45","modified_gmt":"2013-07-24T18:16:45","slug":"en-clave-de-mision-2","status":"publish","type":"post","link":"https:\/\/www.diocesisciudadrodrigo.org\/blog3\/en-clave-de-mision-2\/","title":{"rendered":"En-clave de misi\u00f3n"},"content":{"rendered":"<div class=\"separator\" style=\"clear: both; text-align: right;\"><a href=\"http:\/\/www.diocesisciudadrodrigo.org\/blog3\/wp-content\/uploads\/2013\/07\/wpid-Photo-23072013-1610.jpg\" target=\"_blank\" style=\"clear: right; float: right; margin-bottom: 1em; margin-left: 1em;\"><img loading=\"lazy\" src=\"http:\/\/www.diocesisciudadrodrigo.org\/blog3\/wp-content\/uploads\/2013\/07\/wpid-Photo-23072013-1610.jpg\" id=\"blogsy-1374689779804.1191\" class=\"alignright\" alt=\"\" width=\"200\" height=\"150\"><\/a><\/div>\n<h3> <font color=\"#0000ff\">Ciudad Rodrigo referencia juvenil de la regi\u00f3n para vivir la JMJ R\u00edo de Janeiro.<\/font><\/h3>\n<p>&nbsp;<\/p>\n<p>Tras la inauguraci\u00f3n el lunes pasado por el Sr. Obispo Don Ra\u00fal Berzosa el Encuentro Regional de J\u00f3venes \u201cEn-clave de misi\u00f3n\u201d se contin\u00faa desarrollando las jornadas con normalidad, siguiendo el programa previsto. Son finalmente 160 los j\u00f3venes participantes. El fin de semana se incorporar\u00e1n j\u00f3venes de Salamanca y Segovia. Desde la ma\u00f1ana del martes se encuentra en Ciudad Rodrigo D. Ricardo Bl\u00e1zquez, arzobispo de Valladolid que estar\u00e1 hasta el final de las jornadas el pr\u00f3ximo domingo 28 de julio.<\/p>\n<p><!--more--><\/p>\n<div class=\"separator\" style=\"clear: both; text-align: center;\"><a href=\"http:\/\/www.diocesisciudadrodrigo.org\/blog3\/wp-content\/uploads\/2013\/07\/wpid-Photo-23072013-2037.jpg\" target=\"_blank\" style=\"margin-left: 1em; margin-right: 1em;\"><img loading=\"lazy\" src=\"http:\/\/www.diocesisciudadrodrigo.org\/blog3\/wp-content\/uploads\/2013\/07\/wpid-Photo-23072013-2037.jpg\" id=\"blogsy-1374689779720.5764\" class=\"aligncenter\" alt=\"\" width=\"500\" height=\"375\"><\/a><\/div>\n<p>El martes comenzaron las catequesis en las seis puertas de la muralla mirobrigense con el t\u00edtulo  el primer  d\u00eda de \u201cEntrar\u201d. Se desarroll\u00f3 en ellas el tema de la Puerta de la Fe a la que se accede por el bautismo. Se entra a la ciudad de Dios con unos \u201ctesoros\u201d que conocer y descubrir: la vida interior de la iglesia. Esos tesoros de vida interior se ha se\u00f1alado en la catequesis son: la oraci\u00f3n, la Palabra de Dios y la Eucarist\u00eda. Con las visitas a las residencias de ancianos en la tarde quiso  destacar que se entra en la Iglesia practicando la caridad. Ha sido una experiencia viva de encuentro intergeneracional.<\/p>\n<div class=\"separator\" style=\"clear: both; text-align: center;\"><a href=\"http:\/\/www.diocesisciudadrodrigo.org\/blog3\/wp-content\/uploads\/2013\/07\/wpid-Photo-24072013-1541.jpg\" target=\"_blank\" style=\"margin-left: 1em; margin-right: 1em;\"><img loading=\"lazy\" src=\"http:\/\/www.diocesisciudadrodrigo.org\/blog3\/wp-content\/uploads\/2013\/07\/wpid-Photo-24072013-1541.jpg\" id=\"blogsy-1374689779797.7744\" class=\"aligncenter\" alt=\"\" width=\"500\" height=\"375\"><\/a><\/div>\n<p>&nbsp;<\/p>\n<p>La jornada del mi\u00e9rcoles tuvo  como tema: \u201cSalir por\u2026 llevando\u2026 a los \u00faltimos\u201d. Si el primer d\u00eda  la invitaci\u00f3n era a entrar dentro de uno mismo y de la Iglesia para encontrarse con el Se\u00f1or hoy los j\u00f3venes han experimentado c\u00f3mo la fe lleva a salir fuera de uno mismo al encuentro de los otros j\u00f3venes, de los alejados y de los pobres. Para ello en la catequesis se ha salido f\u00edsicamente de cada puerta  de la muralla. Es la salida a la misi\u00f3n propia de todo cristiano en l\u00ednea con el lema de la JMJ de R\u00edo: \u201cId y haced disc\u00edpulos de todos los pueblos (Mt 28,19)\u201d.<\/p>\n<div class=\"separator\" style=\"clear: both; text-align: center;\"><a href=\"http:\/\/www.diocesisciudadrodrigo.org\/blog3\/wp-content\/uploads\/2013\/07\/wpid-Photo-24072013-1540.jpg\" target=\"_blank\" style=\"margin-left: 1em; margin-right: 1em;\"><img loading=\"lazy\" src=\"http:\/\/www.diocesisciudadrodrigo.org\/blog3\/wp-content\/uploads\/2013\/07\/wpid-Photo-24072013-1540.jpg\" id=\"blogsy-1374689779804.2297\" class=\"aligncenter\" alt=\"\" width=\"500\" height=\"375\"><\/a><\/div>\n<p>&nbsp;<\/p>\n<p> Por la noche habr\u00e1 un video-forum en torno a la pel\u00edcula \u201cUn Dios prohibido\u201d.<\/p>\n<p>&nbsp;<\/p>\n<div class=\"separator\" style=\"clear: both; text-align: center;\"><a href=\"http:\/\/www.diocesisciudadrodrigo.org\/blog3\/wp-content\/uploads\/2013\/07\/wpid-Photo-24072013-1245.jpg\" target=\"_blank\" style=\"margin-left: 1em; margin-right: 1em;\"><img loading=\"lazy\" src=\"http:\/\/www.diocesisciudadrodrigo.org\/blog3\/wp-content\/uploads\/2013\/07\/wpid-Photo-24072013-1245.jpg\" id=\"blogsy-1374689779791.5598\" class=\"aligncenter\" alt=\"\" width=\"500\" height=\"375\"><\/a><\/div>\n<p>El jueves tendr\u00e1n  d\u00eda de desierto, el viernes peregrinaci\u00f3n la Santuario de  Nuestra Se\u00f1ora de la Pe\u00f1a de Francia para vivir all\u00ed una celebraci\u00f3n penitencial y en la noche del s\u00e1bado la domingo una \u201cNoche de arte y oraci\u00f3n\u201d con conexiones en directo con la Vigilia de la JMJ de R\u00edo. Las Jornadas finalizar\u00e1n el domingo con la Eucarist\u00eda de env\u00edo en la Catedral de Ciudad Rodrigo<\/p>\n<div class=\"separator\" style=\"clear: both; text-align: center;\"><a href=\"http:\/\/www.diocesisciudadrodrigo.org\/blog3\/wp-content\/uploads\/2013\/07\/wpid-Photo-24072013-1155.jpg\" target=\"_blank\" style=\"margin-left: 1em; margin-right: 1em;\"><img loading=\"lazy\" src=\"http:\/\/www.diocesisciudadrodrigo.org\/blog3\/wp-content\/uploads\/2013\/07\/wpid-Photo-24072013-1155.jpg\" id=\"blogsy-1374689779786.577\" class=\"aligncenter\" alt=\"\" width=\"500\" height=\"375\"><\/a><\/div>\n<p>&nbsp;<\/p>\n<div class=\"separator\" style=\"clear: both; text-align: center;\"><a href=\"http:\/\/www.diocesisciudadrodrigo.org\/blog3\/wp-content\/uploads\/2013\/07\/wpid-Photo-24072013-1154.jpg\" target=\"_blank\" style=\"margin-left: 1em; margin-right: 1em;\"><img loading=\"lazy\" src=\"http:\/\/www.diocesisciudadrodrigo.org\/blog3\/wp-content\/uploads\/2013\/07\/wpid-Photo-24072013-1154.jpg\" id=\"blogsy-1374689779772.943\" class=\"aligncenter\" alt=\"\" width=\"500\" height=\"375\"><\/a><\/div>\n<p>Se pueden seguir las Jornadas en facebook: en-clave De misi\u00f3n; twenti: en-Clave De misi\u00f3n; twitter: en-clave De misi\u00f3n<\/p>\n<div class=\"separator\" style=\"clear: both; text-align: center;\"><a href=\"http:\/\/www.diocesisciudadrodrigo.org\/blog3\/wp-content\/uploads\/2013\/07\/wpid-Photo-24072013-1103.jpg\" target=\"_blank\" style=\"margin-left: 1em; margin-right: 1em;\"><img loading=\"lazy\" src=\"http:\/\/www.diocesisciudadrodrigo.org\/blog3\/wp-content\/uploads\/2013\/07\/wpid-Photo-24072013-1103.jpg\" id=\"blogsy-1374689779761.1526\" class=\"aligncenter\" alt=\"\" width=\"500\" height=\"375\"><\/a><\/div>\n<p>&nbsp;<\/p>\n<p>Programa para los pr\u00f3ximos d\u00edas:<\/p>\n<p>Jueves 25<\/p>\n<ul>\n<li>9:30 \u2013 9:45. Oraci\u00f3n y motivaci\u00f3n para el desierto (Capilla Mayor del Seminario)<\/li>\n<li>10:00. Experiencia de desierto (Zona de \u201cEl Paraje\u201d)<\/li>\n<li>13:00. Eucarist\u00eda (Capilla Mayor del Seminario)<\/li>\n<li>15:00. Ensayo de cantos (Escuela-hogar \u201cLos Sitios\u201d)<\/li>\n<li>16:00. Tiempo libre \/ Ba\u00f1o en el r\u00edo (zona de La Pesquera)<\/li>\n<li>18:00 \u2013 20:00. Talleres (Seminario)<\/li>\n<li>20:30. Oraci\u00f3n (Capilla Mayor del Seminario o Escuela-hogar \u201cLos Sitios\u201d)<\/li>\n<li>22:30. Visita teatralizada a la ciudad: \u201cCiudad Rodrigo. Ciudad de leyenda\u201d<\/li>\n<\/ul>\n<div class=\"separator\" style=\"clear: both; text-align: center;\"><a href=\"http:\/\/www.diocesisciudadrodrigo.org\/blog3\/wp-content\/uploads\/2013\/07\/wpid-Photo-24072013-1017.jpg\" target=\"_blank\" style=\"margin-left: 1em; margin-right: 1em;\"><img loading=\"lazy\" src=\"http:\/\/www.diocesisciudadrodrigo.org\/blog3\/wp-content\/uploads\/2013\/07\/wpid-Photo-24072013-1017.jpg\" id=\"blogsy-1374689779757.1863\" class=\"aligncenter\" alt=\"\" width=\"500\" height=\"375\"><\/a><\/div>\n<p>&nbsp;<\/p>\n<p>&nbsp;<\/p>\n<p>Viernes 26<\/p>\n<ul>\n<li>9:30 \u2013 9:45. Oraci\u00f3n (Capilla Mayor del Seminario)<\/li>\n<li>10:00. Talleres (Seminario)<\/li>\n<li>13:00. Eucarist\u00eda (Capilla Mayor del Seminario)<\/li>\n<li>15:00. Ensayo de cantos (Escuela-hogar \u201cLos Sitios\u201d)<\/li>\n<li>16:00. Subida en autob\u00fas hasta el Santuario de la Pe\u00f1a de Francia<\/li>\n<li>17:00. Celebraci\u00f3n comunitaria de la Penitencia (Santuario de la Pe\u00f1a de Francia) (Prepara Valladolid)<\/li>\n<li>18:00. Visita teatralizada a La Pe\u00f1a de Francia<\/li>\n<li>19:30. Visita a La Alberca y tiempo libre (prepara la di\u00f3cesis de Salamanca)<\/li>\n<li>21:00. Viaje de vuelta a Ciudad Rodrigo<\/li>\n<li>22:30. Proyecci\u00f3n del acto de bienvenida de los j\u00f3venes al papa en R\u00edo de Janeiro (Patio del Seminario)<\/li>\n<\/ul>\n<div class=\"separator\" style=\"clear: both; text-align: center;\"><a href=\"http:\/\/www.diocesisciudadrodrigo.org\/blog3\/wp-content\/uploads\/2013\/07\/wpid-Photo-24072013-10171.jpg\" target=\"_blank\" style=\"margin-left: 1em; margin-right: 1em;\"><img loading=\"lazy\" src=\"http:\/\/www.diocesisciudadrodrigo.org\/blog3\/wp-content\/uploads\/2013\/07\/wpid-Photo-24072013-10171.jpg\" id=\"blogsy-1374689779797.9797\" class=\"aligncenter\" alt=\"\" width=\"500\" height=\"666\"><\/a><\/div>\n<p>&nbsp;<\/p>\n<p>S\u00e1bado 27<\/p>\n<ul>\n<li>9:30. En Misi\u00f3n: preparar materiales, palabras, cantos y formas festivas de salir a invitar por las calles a la vigilia del s\u00e1bado por la noche en el patio del Seminario<\/li>\n<li>11:00. Eucarist\u00eda (Capilla Mayor del Seminario)<\/li>\n<li>12:00. En Misi\u00f3n: invitaci\u00f3n a los j\u00f3venes por las calles<\/li>\n<li>13:00. Tiempo libre \/ Ba\u00f1o en el r\u00edo (zona de La Pesquera)<\/li>\n<li>15:00. Ensayo de cantos (Escuela-hogar \u201cLos Sitios\u201d)<\/li>\n<li>18:00. Preparaci\u00f3n y montaje de la actividad de la noche<\/li>\n<li>22:00. Contenedor de actividades (proyectar o representar las actividades de los talleres (Patio del Seminario)<\/li>\n<li>23:00. Noche de arte y oraci\u00f3n (cantos, testimonio,&#8230;) (Patio del Seminario)<\/li>\n<\/ul>\n<p>Domingo 28<\/p>\n<ul>\n<li>0:00. Vigilia de oraci\u00f3n y conexi\u00f3n en directo con la homil\u00eda del Papa en la Vigilia de oraci\u00f3n en R\u00edo de Janeiro (Patio del Seminario)<\/li>\n<li>12:00. Eucarist\u00eda y env\u00edo (Catedral)<\/li>\n<li>13:00. Foto final de familia (Catedral)<\/li>\n<\/ul>\n<div class=\"separator\" style=\"clear: both; text-align: center;\"><a href=\"http:\/\/www.diocesisciudadrodrigo.org\/blog3\/wp-content\/uploads\/2013\/07\/wpid-Photo-24072013-1015.jpg\" target=\"_blank\" style=\"margin-left: 1em; margin-right: 1em;\"><img loading=\"lazy\" src=\"http:\/\/www.diocesisciudadrodrigo.org\/blog3\/wp-content\/uploads\/2013\/07\/wpid-Photo-24072013-1015.jpg\" id=\"blogsy-1374689779785.9985\" class=\"aligncenter\" alt=\"\" width=\"500\" height=\"375\"><\/a><\/div>\n<p>&nbsp;<\/p>\n","protected":false},"excerpt":{"rendered":"<p>Ciudad Rodrigo referencia juvenil de la regi\u00f3n para vivir la JMJ R\u00edo de Janeiro. &nbsp; Tras la inauguraci\u00f3n el lunes pasado por el Sr. Obispo Don Ra\u00fal Berzosa el Encuentro Regional de J\u00f3venes \u201cEn-clave de misi\u00f3n\u201d se contin\u00faa desarrollando las jornadas con normalidad, siguiendo el programa previsto. Son finalmente 160 los j\u00f3venes participantes. El fin &#8230; <a title=\"En-clave de misi\u00f3n\" class=\"read-more\" href=\"https:\/\/www.diocesisciudadrodrigo.org\/blog3\/en-clave-de-mision-2\/\" aria-label=\"M\u00e1s en En-clave de misi\u00f3n\">Leer m\u00e1s<\/a><\/p>\n","protected":false},"author":1,"featured_media":0,"comment_status":"closed","ping_status":"closed","sticky":false,"template":"","format":"standard","meta":[],"categories":[3],"tags":[],"_links":{"self":[{"href":"https:\/\/www.diocesisciudadrodrigo.org\/blog3\/wp-json\/wp\/v2\/posts\/2035"}],"collection":[{"href":"https:\/\/www.diocesisciudadrodrigo.org\/blog3\/wp-json\/wp\/v2\/posts"}],"about":[{"href":"https:\/\/www.diocesisciudadrodrigo.org\/blog3\/wp-json\/wp\/v2\/types\/post"}],"author":[{"embeddable":true,"href":"https:\/\/www.diocesisciudadrodrigo.org\/blog3\/wp-json\/wp\/v2\/users\/1"}],"replies":[{"embeddable":true,"href":"https:\/\/www.diocesisciudadrodrigo.org\/blog3\/wp-json\/wp\/v2\/comments?post=2035"}],"version-history":[{"count":0,"href":"https:\/\/www.diocesisciudadrodrigo.org\/blog3\/wp-json\/wp\/v2\/posts\/2035\/revisions"}],"wp:attachment":[{"href":"https:\/\/www.diocesisciudadrodrigo.org\/blog3\/wp-json\/wp\/v2\/media?parent=2035"}],"wp:term":[{"taxonomy":"category","embeddable":true,"href":"https:\/\/www.diocesisciudadrodrigo.org\/blog3\/wp-json\/wp\/v2\/categories?post=2035"},{"taxonomy":"post_tag","embeddable":true,"href":"https:\/\/www.diocesisciudadrodrigo.org\/blog3\/wp-json\/wp\/v2\/tags?post=2035"}],"curies":[{"name":"wp","href":"https:\/\/api.w.org\/{rel}","templated":true}]}}