{"id":1951,"date":"2013-05-28T10:24:51","date_gmt":"2013-05-28T10:24:51","guid":{"rendered":"http:\/\/www.diocesisciudadrodrigo.org\/blog3\/?p=1951"},"modified":"2013-05-28T10:25:37","modified_gmt":"2013-05-28T10:25:37","slug":"rosario-de-la-aurora","status":"publish","type":"post","link":"https:\/\/www.diocesisciudadrodrigo.org\/blog3\/rosario-de-la-aurora\/","title":{"rendered":"Rosario de la Aurora"},"content":{"rendered":"<h3><strong><span style=\"color: #0000ff;\">Rosario de la Aurora de las parroquias de Ciudad Rodrigo<\/span><\/strong><\/h3>\n<p>El pr\u00f3ximo viernes 31 de mayo, las parroquias de Ciudad Rodrigo celebrar\u00e1n un Rosario de la Aurora para clausurar el mes de mayo, mes dedicado por la devoci\u00f3n popular a la Virgen Mar\u00eda. Es un acto que se viene realizando ya desde hace varios a\u00f1os.<\/p>\n<p>A las 7,30 de la ma\u00f1ana saldr\u00edan los fieles con sus p\u00e1rrocos de cada parroquia rezando el rosario. En el \u00c1rbol Gordo se juntar\u00edan las parroquias de San Crist\u00f3bal, San Andr\u00e9s y el Salvador. M\u00e1s adelante, en la zona del Centro Comercial se unir\u00edan a los feligreses de Nuestra Se\u00f1ora de F\u00e1tima. Por otra parte los fieles de Santa Marina se unir\u00edan con los de Cerralbo y San Pedro-San Isidoro en la zona de La Colada.<\/p>\n<p>Ya en la Catedral, sobre las ocho de la ma\u00f1ana, todos rezar\u00edan Laudes, la oraci\u00f3n matinal de la Iglesia.<\/p>\n<p>&nbsp;<\/p>\n","protected":false},"excerpt":{"rendered":"<p>Rosario de la Aurora de las parroquias de Ciudad Rodrigo El pr\u00f3ximo viernes 31 de mayo, las parroquias de Ciudad Rodrigo celebrar\u00e1n un Rosario de la Aurora para clausurar el mes de mayo, mes dedicado por la devoci\u00f3n popular a la Virgen Mar\u00eda. Es un acto que se viene realizando ya desde hace varios a\u00f1os. &#8230; <a title=\"Rosario de la Aurora\" class=\"read-more\" href=\"https:\/\/www.diocesisciudadrodrigo.org\/blog3\/rosario-de-la-aurora\/\" aria-label=\"M\u00e1s en Rosario de la Aurora\">Leer m\u00e1s<\/a><\/p>\n","protected":false},"author":1,"featured_media":0,"comment_status":"closed","ping_status":"closed","sticky":false,"template":"","format":"standard","meta":[],"categories":[3],"tags":[],"_links":{"self":[{"href":"https:\/\/www.diocesisciudadrodrigo.org\/blog3\/wp-json\/wp\/v2\/posts\/1951"}],"collection":[{"href":"https:\/\/www.diocesisciudadrodrigo.org\/blog3\/wp-json\/wp\/v2\/posts"}],"about":[{"href":"https:\/\/www.diocesisciudadrodrigo.org\/blog3\/wp-json\/wp\/v2\/types\/post"}],"author":[{"embeddable":true,"href":"https:\/\/www.diocesisciudadrodrigo.org\/blog3\/wp-json\/wp\/v2\/users\/1"}],"replies":[{"embeddable":true,"href":"https:\/\/www.diocesisciudadrodrigo.org\/blog3\/wp-json\/wp\/v2\/comments?post=1951"}],"version-history":[{"count":3,"href":"https:\/\/www.diocesisciudadrodrigo.org\/blog3\/wp-json\/wp\/v2\/posts\/1951\/revisions"}],"predecessor-version":[{"id":1954,"href":"https:\/\/www.diocesisciudadrodrigo.org\/blog3\/wp-json\/wp\/v2\/posts\/1951\/revisions\/1954"}],"wp:attachment":[{"href":"https:\/\/www.diocesisciudadrodrigo.org\/blog3\/wp-json\/wp\/v2\/media?parent=1951"}],"wp:term":[{"taxonomy":"category","embeddable":true,"href":"https:\/\/www.diocesisciudadrodrigo.org\/blog3\/wp-json\/wp\/v2\/categories?post=1951"},{"taxonomy":"post_tag","embeddable":true,"href":"https:\/\/www.diocesisciudadrodrigo.org\/blog3\/wp-json\/wp\/v2\/tags?post=1951"}],"curies":[{"name":"wp","href":"https:\/\/api.w.org\/{rel}","templated":true}]}}